{"id":642,"date":"2023-12-18T14:03:12","date_gmt":"2023-12-18T14:03:12","guid":{"rendered":"https:\/\/www.real.edu.ee\/ajaveeb\/149b\/?p=642"},"modified":"2024-04-18T14:09:05","modified_gmt":"2024-04-18T14:09:05","slug":"kingitus-jouluvanalt","status":"publish","type":"post","link":"https:\/\/www.real.edu.ee\/ajaveeb\/149b\/2023\/12\/18\/kingitus-jouluvanalt\/","title":{"rendered":"Kingitus j\u00f5uluvanalt!"},"content":{"rendered":"<p>Sellel aastal oskas j\u00f5uluvana meid ikka korralikult \u00fcllatada! Nimelt saatis ta meid koos oma v\u00e4ikese abilisega vanalinna matkale!<\/p>\n<p><a href=\"http:\/\/www.real.edu.ee\/ajaveeb\/149b\/files\/2024\/04\/IMG_5124-scaled.jpeg\"><img loading=\"lazy\" decoding=\"async\" class=\"alignnone size-medium wp-image-595\" src=\"http:\/\/www.real.edu.ee\/ajaveeb\/149b\/files\/2024\/04\/IMG_5124-225x300.jpeg\" alt=\"\" width=\"225\" height=\"300\" srcset=\"https:\/\/www.real.edu.ee\/ajaveeb\/149b\/files\/2024\/04\/IMG_5124-225x300.jpeg 225w, https:\/\/www.real.edu.ee\/ajaveeb\/149b\/files\/2024\/04\/IMG_5124-768x1024.jpeg 768w, https:\/\/www.real.edu.ee\/ajaveeb\/149b\/files\/2024\/04\/IMG_5124-1152x1536.jpeg 1152w, https:\/\/www.real.edu.ee\/ajaveeb\/149b\/files\/2024\/04\/IMG_5124-1536x2048.jpeg 1536w, https:\/\/www.real.edu.ee\/ajaveeb\/149b\/files\/2024\/04\/IMG_5124-scaled.jpeg 1920w\" sizes=\"auto, (max-width: 225px) 100vw, 225px\" \/><\/a><\/p>\n<p>Uurisime iga maja taha ja igast Aiav\u00e4ravast sisse. Kuulasime p\u00f5nevaid lugusid vanalinna ajaloost ja p\u00e4kapikkude elust.<\/p>\n<p><a href=\"http:\/\/www.real.edu.ee\/ajaveeb\/149b\/files\/2024\/04\/IMG_5132-scaled.jpeg\"><img loading=\"lazy\" decoding=\"async\" class=\"alignnone size-medium wp-image-592\" src=\"http:\/\/www.real.edu.ee\/ajaveeb\/149b\/files\/2024\/04\/IMG_5132-300x169.jpeg\" alt=\"\" width=\"300\" height=\"169\" srcset=\"https:\/\/www.real.edu.ee\/ajaveeb\/149b\/files\/2024\/04\/IMG_5132-300x169.jpeg 300w, https:\/\/www.real.edu.ee\/ajaveeb\/149b\/files\/2024\/04\/IMG_5132-1024x576.jpeg 1024w, https:\/\/www.real.edu.ee\/ajaveeb\/149b\/files\/2024\/04\/IMG_5132-768x432.jpeg 768w, https:\/\/www.real.edu.ee\/ajaveeb\/149b\/files\/2024\/04\/IMG_5132-1536x864.jpeg 1536w, https:\/\/www.real.edu.ee\/ajaveeb\/149b\/files\/2024\/04\/IMG_5132-2048x1152.jpeg 2048w\" sizes=\"auto, (max-width: 300px) 100vw, 300px\" \/><\/a><\/p>\n<p>Peale pikka matka kostitasime end j\u00f5uluturul m\u00f5nusa kakaoga.<\/p>\n<p style=\"text-align: left\"><a href=\"http:\/\/www.real.edu.ee\/ajaveeb\/149b\/files\/2024\/04\/IMG_5135-scaled.jpeg\"><img loading=\"lazy\" decoding=\"async\" class=\"alignnone size-medium wp-image-591\" src=\"http:\/\/www.real.edu.ee\/ajaveeb\/149b\/files\/2024\/04\/IMG_5135-225x300.jpeg\" alt=\"\" width=\"225\" height=\"300\" srcset=\"https:\/\/www.real.edu.ee\/ajaveeb\/149b\/files\/2024\/04\/IMG_5135-225x300.jpeg 225w, https:\/\/www.real.edu.ee\/ajaveeb\/149b\/files\/2024\/04\/IMG_5135-768x1024.jpeg 768w, https:\/\/www.real.edu.ee\/ajaveeb\/149b\/files\/2024\/04\/IMG_5135-1152x1536.jpeg 1152w, https:\/\/www.real.edu.ee\/ajaveeb\/149b\/files\/2024\/04\/IMG_5135-1536x2048.jpeg 1536w, https:\/\/www.real.edu.ee\/ajaveeb\/149b\/files\/2024\/04\/IMG_5135-scaled.jpeg 1920w\" sizes=\"auto, (max-width: 225px) 100vw, 225px\" \/><\/a><\/p>\n<p>Suurest r\u00f5\u00f5must v\u00f5tsime isegi lauluviisi \u00fcles.<\/p>\n<p><iframe loading=\"lazy\" title=\"J1\" width=\"500\" height=\"281\" src=\"https:\/\/www.youtube.com\/embed\/EA3exCw9MUY?feature=oembed\" frameborder=\"0\" allow=\"accelerometer; autoplay; clipboard-write; encrypted-media; gyroscope; picture-in-picture; web-share\" referrerpolicy=\"strict-origin-when-cross-origin\" allowfullscreen><\/iframe><\/p>\n<p>Ait\u00e4h, j\u00f5uluvana!<\/p>\n<p>&nbsp;<\/p>\n<p>&nbsp;<\/p>\n","protected":false},"excerpt":{"rendered":"<p>Sellel aastal oskas j\u00f5uluvana meid ikka korralikult \u00fcllatada! Nimelt saatis ta meid koos oma v\u00e4ikese abilisega vanalinna matkale! Uurisime iga maja taha ja igast Aiav\u00e4ravast sisse. Kuulasime p\u00f5nevaid lugusid vanalinna ajaloost ja p\u00e4kapikkude elust. Peale pikka matka kostitasime end j\u00f5uluturul m\u00f5nusa kakaoga. Suurest r\u00f5\u00f5must v\u00f5tsime isegi lauluviisi \u00fcles. Ait\u00e4h, j\u00f5uluvana! &nbsp; &nbsp;<\/p>\n","protected":false},"author":6,"featured_media":0,"comment_status":"closed","ping_status":"open","sticky":false,"template":"","format":"standard","meta":{"footnotes":""},"categories":[1],"tags":[],"class_list":["post-642","post","type-post","status-publish","format-standard","hentry","category-maaratlemata"],"_links":{"self":[{"href":"https:\/\/www.real.edu.ee\/ajaveeb\/149b\/wp-json\/wp\/v2\/posts\/642","targetHints":{"allow":["GET"]}}],"collection":[{"href":"https:\/\/www.real.edu.ee\/ajaveeb\/149b\/wp-json\/wp\/v2\/posts"}],"about":[{"href":"https:\/\/www.real.edu.ee\/ajaveeb\/149b\/wp-json\/wp\/v2\/types\/post"}],"author":[{"embeddable":true,"href":"https:\/\/www.real.edu.ee\/ajaveeb\/149b\/wp-json\/wp\/v2\/users\/6"}],"replies":[{"embeddable":true,"href":"https:\/\/www.real.edu.ee\/ajaveeb\/149b\/wp-json\/wp\/v2\/comments?post=642"}],"version-history":[{"count":1,"href":"https:\/\/www.real.edu.ee\/ajaveeb\/149b\/wp-json\/wp\/v2\/posts\/642\/revisions"}],"predecessor-version":[{"id":643,"href":"https:\/\/www.real.edu.ee\/ajaveeb\/149b\/wp-json\/wp\/v2\/posts\/642\/revisions\/643"}],"wp:attachment":[{"href":"https:\/\/www.real.edu.ee\/ajaveeb\/149b\/wp-json\/wp\/v2\/media?parent=642"}],"wp:term":[{"taxonomy":"category","embeddable":true,"href":"https:\/\/www.real.edu.ee\/ajaveeb\/149b\/wp-json\/wp\/v2\/categories?post=642"},{"taxonomy":"post_tag","embeddable":true,"href":"https:\/\/www.real.edu.ee\/ajaveeb\/149b\/wp-json\/wp\/v2\/tags?post=642"}],"curies":[{"name":"wp","href":"https:\/\/api.w.org\/{rel}","templated":true}]}}