{"id":988,"date":"2023-10-13T15:40:45","date_gmt":"2023-10-13T15:40:45","guid":{"rendered":"https:\/\/www.real.edu.ee\/ajaveeb\/148b\/?p=988"},"modified":"2023-10-29T04:37:25","modified_gmt":"2023-10-29T04:37:25","slug":"oktoober-on-meediakuu","status":"publish","type":"post","link":"https:\/\/www.real.edu.ee\/ajaveeb\/148b\/2023\/10\/13\/oktoober-on-meediakuu\/","title":{"rendered":"Oktoober on meediakuu!"},"content":{"rendered":"<p><span style=\"color: #333399\">Aga mis on meedia? <\/span><\/p>\n<p><span style=\"color: #333399\"><b>Meedia<\/b> on <a style=\"color: #333399\" title=\"Informatsioon\" href=\"https:\/\/et.wikipedia.org\/wiki\/Informatsioon\">informatsioonikandjate<\/a> \u00fchine nimetus. <em>Meedia<\/em> on\u00a0 keskkond, kus toimub infoedastus ja info avaldamine. \/Wikipeedia\/\u00a0<\/span><\/p>\n<p><span style=\"color: #333399\">Kas ja kuidas meedia mind m\u00f5jutab? Kuidas ta seda teeb? Tuleb see m\u00f5ju mulle kasuks v\u00f5i kahjuks?\u00a0 Kuidas teha vahet t\u00f5estel ja valeuudistel?<\/span><\/p>\n<p><span style=\"color: #333399\">Nende k\u00fcsimuste \u00fcle arutlesime koos ajuteadlase Jaan Aruga,\u00a0 keskraamatukogu t\u00f6\u00f6tajatega, g\u00fcmnaasiuminoortega.<\/span><\/p>\n<p><span style=\"color: #333399\">Oli, mille \u00fcle m\u00f5elda, sest elame igap\u00e4evaselt meedia m\u00f5juv\u00e4ljas\u00a0 ja puutume k\u00e4sitletud teemadega igap\u00e4evaselt kokku.<\/span><\/p>\n<p><span style=\"color: #666699\">Oma teadmisi internetist saan t\u00e4iendada ja proovile panna veebilehel <a style=\"color: #666699\" href=\"https:\/\/laps.targaltinternetis.ee\/\">https:\/\/laps.targaltinternetis.ee\/\u00a0<\/a><\/span><\/p>\n\n\t\t<style type=\"text\/css\">\n\t\t\t#gallery-1 {\n\t\t\t\tmargin: auto;\n\t\t\t}\n\t\t\t#gallery-1 .gallery-item {\n\t\t\t\tfloat: left;\n\t\t\t\tmargin-top: 10px;\n\t\t\t\ttext-align: center;\n\t\t\t\twidth: 33%;\n\t\t\t}\n\t\t\t#gallery-1 img {\n\t\t\t\tborder: 2px solid #cfcfcf;\n\t\t\t}\n\t\t\t#gallery-1 .gallery-caption {\n\t\t\t\tmargin-left: 0;\n\t\t\t}\n\t\t\t\/* see gallery_shortcode() in wp-includes\/media.php *\/\n\t\t<\/style>\n\t\t<div id='gallery-1' class='gallery galleryid-988 gallery-columns-3 gallery-size-thumbnail'><dl class='gallery-item'>\n\t\t\t<dt class='gallery-icon landscape'>\n\t\t\t\t<a href='https:\/\/www.real.edu.ee\/ajaveeb\/148b\/2023\/10\/13\/oktoober-on-meediakuu\/20231010_121000\/'><img loading=\"lazy\" decoding=\"async\" width=\"150\" height=\"150\" src=\"https:\/\/www.real.edu.ee\/ajaveeb\/148b\/files\/2023\/10\/20231010_121000-150x150.jpg\" class=\"attachment-thumbnail size-thumbnail\" alt=\"\" \/><\/a>\n\t\t\t<\/dt><\/dl><dl class='gallery-item'>\n\t\t\t<dt class='gallery-icon landscape'>\n\t\t\t\t<a href='https:\/\/www.real.edu.ee\/ajaveeb\/148b\/2023\/10\/13\/oktoober-on-meediakuu\/20231012_091448\/'><img loading=\"lazy\" decoding=\"async\" width=\"150\" height=\"150\" src=\"https:\/\/www.real.edu.ee\/ajaveeb\/148b\/files\/2023\/10\/20231012_091448-150x150.jpg\" class=\"attachment-thumbnail size-thumbnail\" alt=\"\" \/><\/a>\n\t\t\t<\/dt><\/dl><dl class='gallery-item'>\n\t\t\t<dt class='gallery-icon landscape'>\n\t\t\t\t<a href='https:\/\/www.real.edu.ee\/ajaveeb\/148b\/2023\/10\/13\/oktoober-on-meediakuu\/20231012_092349\/'><img loading=\"lazy\" decoding=\"async\" width=\"150\" height=\"150\" src=\"https:\/\/www.real.edu.ee\/ajaveeb\/148b\/files\/2023\/10\/20231012_092349-150x150.jpg\" class=\"attachment-thumbnail size-thumbnail\" alt=\"\" \/><\/a>\n\t\t\t<\/dt><\/dl><br style=\"clear: both\" \/>\n\t\t<\/div>\n\n","protected":false},"excerpt":{"rendered":"<p>Aga mis on meedia? Meedia on informatsioonikandjate \u00fchine nimetus. Meedia on\u00a0 keskkond, kus toimub infoedastus ja info avaldamine. \/Wikipeedia\/\u00a0 Kas ja kuidas meedia mind m\u00f5jutab? Kuidas ta seda teeb? Tuleb see m\u00f5ju mulle kasuks v\u00f5i kahjuks?\u00a0 Kuidas teha vahet t\u00f5estel ja valeuudistel? Nende k\u00fcsimuste \u00fcle arutlesime koos ajuteadlase Jaan Aruga,\u00a0 keskraamatukogu t\u00f6\u00f6tajatega, g\u00fcmnaasiuminoortega. Oli, mille [&hellip;]<\/p>\n","protected":false},"author":71,"featured_media":0,"comment_status":"closed","ping_status":"open","sticky":false,"template":"","format":"standard","meta":{"footnotes":""},"categories":[1],"tags":[],"class_list":["post-988","post","type-post","status-publish","format-standard","hentry","category-uncategorized"],"_links":{"self":[{"href":"https:\/\/www.real.edu.ee\/ajaveeb\/148b\/wp-json\/wp\/v2\/posts\/988","targetHints":{"allow":["GET"]}}],"collection":[{"href":"https:\/\/www.real.edu.ee\/ajaveeb\/148b\/wp-json\/wp\/v2\/posts"}],"about":[{"href":"https:\/\/www.real.edu.ee\/ajaveeb\/148b\/wp-json\/wp\/v2\/types\/post"}],"author":[{"embeddable":true,"href":"https:\/\/www.real.edu.ee\/ajaveeb\/148b\/wp-json\/wp\/v2\/users\/71"}],"replies":[{"embeddable":true,"href":"https:\/\/www.real.edu.ee\/ajaveeb\/148b\/wp-json\/wp\/v2\/comments?post=988"}],"version-history":[{"count":2,"href":"https:\/\/www.real.edu.ee\/ajaveeb\/148b\/wp-json\/wp\/v2\/posts\/988\/revisions"}],"predecessor-version":[{"id":1014,"href":"https:\/\/www.real.edu.ee\/ajaveeb\/148b\/wp-json\/wp\/v2\/posts\/988\/revisions\/1014"}],"wp:attachment":[{"href":"https:\/\/www.real.edu.ee\/ajaveeb\/148b\/wp-json\/wp\/v2\/media?parent=988"}],"wp:term":[{"taxonomy":"category","embeddable":true,"href":"https:\/\/www.real.edu.ee\/ajaveeb\/148b\/wp-json\/wp\/v2\/categories?post=988"},{"taxonomy":"post_tag","embeddable":true,"href":"https:\/\/www.real.edu.ee\/ajaveeb\/148b\/wp-json\/wp\/v2\/tags?post=988"}],"curies":[{"name":"wp","href":"https:\/\/api.w.org\/{rel}","templated":true}]}}