{"id":1143,"date":"2023-12-01T18:49:51","date_gmt":"2023-12-01T18:49:51","guid":{"rendered":"https:\/\/www.real.edu.ee\/ajaveeb\/148b\/?p=1143"},"modified":"2023-12-21T19:18:07","modified_gmt":"2023-12-21T19:18:07","slug":"joulud-klassiruumi-jaatumine","status":"publish","type":"post","link":"https:\/\/www.real.edu.ee\/ajaveeb\/148b\/2023\/12\/01\/joulud-klassiruumi-jaatumine\/","title":{"rendered":"J\u00f5ulud: klassiruumi j\u00e4\u00e4tumine"},"content":{"rendered":"<p><span style=\"color: #3366ff\">J\u00f5ulud algavad advendiajaga, kuid meie koolis veel ka klasside kaunistamise konkursiga etteantud teema p\u00f5hjal. Sel aastal oli teemaks J\u00c4\u00c4\u00c4\u00c4\u00c4\u00c4 ja j\u00e4\u00e4tasime siis oma klassiruumi mitmete erineva kuju ja pikkusega j\u00e4\u00e4purikatega! Seda k\u00fcll mitte veest, vaid siiski paberist ning kilest, kuid ruum sai \u00fcsna j\u00e4\u00e4tunud ja oleme ise tulemusega v\u00e4ga rahul!<\/span><\/p>\n\n\t\t<style type=\"text\/css\">\n\t\t\t#gallery-1 {\n\t\t\t\tmargin: auto;\n\t\t\t}\n\t\t\t#gallery-1 .gallery-item {\n\t\t\t\tfloat: left;\n\t\t\t\tmargin-top: 10px;\n\t\t\t\ttext-align: center;\n\t\t\t\twidth: 33%;\n\t\t\t}\n\t\t\t#gallery-1 img {\n\t\t\t\tborder: 2px solid #cfcfcf;\n\t\t\t}\n\t\t\t#gallery-1 .gallery-caption {\n\t\t\t\tmargin-left: 0;\n\t\t\t}\n\t\t\t\/* see gallery_shortcode() in wp-includes\/media.php *\/\n\t\t<\/style>\n\t\t<div id='gallery-1' class='gallery galleryid-1143 gallery-columns-3 gallery-size-thumbnail'><dl class='gallery-item'>\n\t\t\t<dt class='gallery-icon landscape'>\n\t\t\t\t<a href='https:\/\/www.real.edu.ee\/ajaveeb\/148b\/2023\/12\/01\/joulud-klassiruumi-jaatumine\/20231208_092701\/'><img loading=\"lazy\" decoding=\"async\" width=\"150\" height=\"150\" src=\"https:\/\/www.real.edu.ee\/ajaveeb\/148b\/files\/2023\/12\/20231208_092701-150x150.jpg\" class=\"attachment-thumbnail size-thumbnail\" alt=\"\" \/><\/a>\n\t\t\t<\/dt><\/dl><dl class='gallery-item'>\n\t\t\t<dt class='gallery-icon landscape'>\n\t\t\t\t<a href='https:\/\/www.real.edu.ee\/ajaveeb\/148b\/2023\/12\/01\/joulud-klassiruumi-jaatumine\/20231208_092707\/'><img loading=\"lazy\" decoding=\"async\" width=\"150\" height=\"150\" src=\"https:\/\/www.real.edu.ee\/ajaveeb\/148b\/files\/2023\/12\/20231208_092707-150x150.jpg\" class=\"attachment-thumbnail size-thumbnail\" alt=\"\" \/><\/a>\n\t\t\t<\/dt><\/dl><dl class='gallery-item'>\n\t\t\t<dt class='gallery-icon landscape'>\n\t\t\t\t<a href='https:\/\/www.real.edu.ee\/ajaveeb\/148b\/2023\/12\/01\/joulud-klassiruumi-jaatumine\/20231208_092657\/'><img loading=\"lazy\" decoding=\"async\" width=\"150\" height=\"150\" src=\"https:\/\/www.real.edu.ee\/ajaveeb\/148b\/files\/2023\/12\/20231208_092657-150x150.jpg\" class=\"attachment-thumbnail size-thumbnail\" alt=\"\" \/><\/a>\n\t\t\t<\/dt><\/dl><br style=\"clear: both\" \/>\n\t\t<\/div>\n\n","protected":false},"excerpt":{"rendered":"<p>J\u00f5ulud algavad advendiajaga, kuid meie koolis veel ka klasside kaunistamise konkursiga etteantud teema p\u00f5hjal. Sel aastal oli teemaks J\u00c4\u00c4\u00c4\u00c4\u00c4\u00c4 ja j\u00e4\u00e4tasime siis oma klassiruumi mitmete erineva kuju ja pikkusega j\u00e4\u00e4purikatega! Seda k\u00fcll mitte veest, vaid siiski paberist ning kilest, kuid ruum sai \u00fcsna j\u00e4\u00e4tunud ja oleme ise tulemusega v\u00e4ga rahul!<\/p>\n","protected":false},"author":71,"featured_media":0,"comment_status":"closed","ping_status":"open","sticky":false,"template":"","format":"standard","meta":{"footnotes":""},"categories":[1],"tags":[],"class_list":["post-1143","post","type-post","status-publish","format-standard","hentry","category-uncategorized"],"_links":{"self":[{"href":"https:\/\/www.real.edu.ee\/ajaveeb\/148b\/wp-json\/wp\/v2\/posts\/1143","targetHints":{"allow":["GET"]}}],"collection":[{"href":"https:\/\/www.real.edu.ee\/ajaveeb\/148b\/wp-json\/wp\/v2\/posts"}],"about":[{"href":"https:\/\/www.real.edu.ee\/ajaveeb\/148b\/wp-json\/wp\/v2\/types\/post"}],"author":[{"embeddable":true,"href":"https:\/\/www.real.edu.ee\/ajaveeb\/148b\/wp-json\/wp\/v2\/users\/71"}],"replies":[{"embeddable":true,"href":"https:\/\/www.real.edu.ee\/ajaveeb\/148b\/wp-json\/wp\/v2\/comments?post=1143"}],"version-history":[{"count":2,"href":"https:\/\/www.real.edu.ee\/ajaveeb\/148b\/wp-json\/wp\/v2\/posts\/1143\/revisions"}],"predecessor-version":[{"id":1154,"href":"https:\/\/www.real.edu.ee\/ajaveeb\/148b\/wp-json\/wp\/v2\/posts\/1143\/revisions\/1154"}],"wp:attachment":[{"href":"https:\/\/www.real.edu.ee\/ajaveeb\/148b\/wp-json\/wp\/v2\/media?parent=1143"}],"wp:term":[{"taxonomy":"category","embeddable":true,"href":"https:\/\/www.real.edu.ee\/ajaveeb\/148b\/wp-json\/wp\/v2\/categories?post=1143"},{"taxonomy":"post_tag","embeddable":true,"href":"https:\/\/www.real.edu.ee\/ajaveeb\/148b\/wp-json\/wp\/v2\/tags?post=1143"}],"curies":[{"name":"wp","href":"https:\/\/api.w.org\/{rel}","templated":true}]}}