{"id":852,"date":"2025-02-14T14:52:50","date_gmt":"2025-02-14T14:52:50","guid":{"rendered":"https:\/\/www.real.edu.ee\/ajaveeb\/147b\/?p=852"},"modified":"2025-05-29T13:17:40","modified_gmt":"2025-05-29T13:17:40","slug":"stiilinadal","status":"publish","type":"post","link":"https:\/\/www.real.edu.ee\/ajaveeb\/147b\/2025\/02\/14\/stiilinadal\/","title":{"rendered":"Stiilin\u00e4dal"},"content":{"rendered":"<p>Esmasp\u00e4evaseks stiiliks oli arvutim\u00e4ngud, meemid ja multifilmid. Enamus klass riietus v\u00e4rviliselt ja klassi peal ringi liikudes oli tore n\u00e4ha palju erinevaid tegelasi.<\/p>\n<p>Teisip\u00e4evane teema oli retro ja ajalugu. Klassis oli n\u00e4ha v\u00e4rvikaid ja s\u00e4ravaid riietusi kui ka tagasihoidlikut v\u00f5i peenet stiili.<\/p>\n<p>Kolmap\u00e4eval oli teemaks tuduriided. Sel p\u00e4eval v\u00f5is klassist leida m\u00f5nusaid tresse, pid\u017eaamasid ning ka \u00e4gedaid kaisukaid, patjasi.<\/p>\n<p>Neljap\u00e4evaks oli kooli tuldud kaksikutena, kolmikutena nagu g\u00e4ngi liikmed v\u00f5i \u00f5udukate tegelased. Enamustel oli seljas tumedad riided, aga osadel ka erilisemad ja silmapaistvad \u00e4gedad dressid.<\/p>\n<p>Reedel oli stiiiks s\u00f5brap\u00e4eva puhul roosa ja punane, aga sellest kahjuks meie klass osa v\u00f5tta ei saanud kuna l\u00e4ksime K\u00f5rvemaale suusap\u00e4evale.<\/p>\n<p>Sellised olidki selle aastase stiilin\u00e4dala stiilid ja n\u00fc\u00fcd j\u00e4\u00e4me ootama j\u00e4rgmise aasta \u00e4gedaid stiile.<\/p>\n<p><img loading=\"lazy\" decoding=\"async\" src=\"http:\/\/www.real.edu.ee\/ajaveeb\/147b\/files\/2025\/02\/IMG-20250210-WA0014-300x225.jpg\" alt=\"\" width=\"300\" height=\"225\" class=\"alignnone size-medium wp-image-865\" srcset=\"https:\/\/www.real.edu.ee\/ajaveeb\/147b\/files\/2025\/02\/IMG-20250210-WA0014-300x225.jpg 300w, https:\/\/www.real.edu.ee\/ajaveeb\/147b\/files\/2025\/02\/IMG-20250210-WA0014-1024x768.jpg 1024w, https:\/\/www.real.edu.ee\/ajaveeb\/147b\/files\/2025\/02\/IMG-20250210-WA0014-768x576.jpg 768w, https:\/\/www.real.edu.ee\/ajaveeb\/147b\/files\/2025\/02\/IMG-20250210-WA0014-1536x1152.jpg 1536w, https:\/\/www.real.edu.ee\/ajaveeb\/147b\/files\/2025\/02\/IMG-20250210-WA0014.jpg 1600w\" sizes=\"auto, (max-width: 300px) 100vw, 300px\" \/><\/p>\n<p><img loading=\"lazy\" decoding=\"async\" src=\"http:\/\/www.real.edu.ee\/ajaveeb\/147b\/files\/2025\/03\/IMG_3465-1-300x225.jpg\" alt=\"\" width=\"300\" height=\"225\" class=\"alignnone size-medium wp-image-855\" srcset=\"https:\/\/www.real.edu.ee\/ajaveeb\/147b\/files\/2025\/03\/IMG_3465-1-300x225.jpg 300w, https:\/\/www.real.edu.ee\/ajaveeb\/147b\/files\/2025\/03\/IMG_3465-1-1024x768.jpg 1024w, https:\/\/www.real.edu.ee\/ajaveeb\/147b\/files\/2025\/03\/IMG_3465-1-768x576.jpg 768w, https:\/\/www.real.edu.ee\/ajaveeb\/147b\/files\/2025\/03\/IMG_3465-1-1536x1152.jpg 1536w, https:\/\/www.real.edu.ee\/ajaveeb\/147b\/files\/2025\/03\/IMG_3465-1-2048x1536.jpg 2048w\" sizes=\"auto, (max-width: 300px) 100vw, 300px\" \/><\/p>\n<p>Kendra<\/p>\n","protected":false},"excerpt":{"rendered":"<p>Esmasp\u00e4evaseks stiiliks oli arvutim\u00e4ngud, meemid ja multifilmid. Enamus klass riietus v\u00e4rviliselt ja klassi peal ringi liikudes oli tore n\u00e4ha palju erinevaid tegelasi. Teisip\u00e4evane teema oli retro ja ajalugu. Klassis oli n\u00e4ha v\u00e4rvikaid ja s\u00e4ravaid riietusi kui ka tagasihoidlikut v\u00f5i peenet stiili. Kolmap\u00e4eval oli teemaks tuduriided. Sel p\u00e4eval v\u00f5is klassist leida m\u00f5nusaid tresse, pid\u017eaamasid ning ka [&hellip;]<\/p>\n","protected":false},"author":224,"featured_media":0,"comment_status":"closed","ping_status":"open","sticky":false,"template":"","format":"standard","meta":{"footnotes":""},"categories":[6],"tags":[],"class_list":["post-852","post","type-post","status-publish","format-standard","hentry","category-5-klass"],"_links":{"self":[{"href":"https:\/\/www.real.edu.ee\/ajaveeb\/147b\/wp-json\/wp\/v2\/posts\/852","targetHints":{"allow":["GET"]}}],"collection":[{"href":"https:\/\/www.real.edu.ee\/ajaveeb\/147b\/wp-json\/wp\/v2\/posts"}],"about":[{"href":"https:\/\/www.real.edu.ee\/ajaveeb\/147b\/wp-json\/wp\/v2\/types\/post"}],"author":[{"embeddable":true,"href":"https:\/\/www.real.edu.ee\/ajaveeb\/147b\/wp-json\/wp\/v2\/users\/224"}],"replies":[{"embeddable":true,"href":"https:\/\/www.real.edu.ee\/ajaveeb\/147b\/wp-json\/wp\/v2\/comments?post=852"}],"version-history":[{"count":4,"href":"https:\/\/www.real.edu.ee\/ajaveeb\/147b\/wp-json\/wp\/v2\/posts\/852\/revisions"}],"predecessor-version":[{"id":867,"href":"https:\/\/www.real.edu.ee\/ajaveeb\/147b\/wp-json\/wp\/v2\/posts\/852\/revisions\/867"}],"wp:attachment":[{"href":"https:\/\/www.real.edu.ee\/ajaveeb\/147b\/wp-json\/wp\/v2\/media?parent=852"}],"wp:term":[{"taxonomy":"category","embeddable":true,"href":"https:\/\/www.real.edu.ee\/ajaveeb\/147b\/wp-json\/wp\/v2\/categories?post=852"},{"taxonomy":"post_tag","embeddable":true,"href":"https:\/\/www.real.edu.ee\/ajaveeb\/147b\/wp-json\/wp\/v2\/tags?post=852"}],"curies":[{"name":"wp","href":"https:\/\/api.w.org\/{rel}","templated":true}]}}