{"id":595,"date":"2023-05-02T12:57:00","date_gmt":"2023-05-02T12:57:00","guid":{"rendered":"https:\/\/www.real.edu.ee\/ajaveeb\/147b\/?p=595"},"modified":"2023-05-02T13:00:31","modified_gmt":"2023-05-02T13:00:31","slug":"oleme-jalle-uhked","status":"publish","type":"post","link":"https:\/\/www.real.edu.ee\/ajaveeb\/147b\/2023\/05\/02\/oleme-jalle-uhked\/","title":{"rendered":"Oleme j\u00e4lle uhked!"},"content":{"rendered":"<p>22-23. aprillil toimusid Algeciras Andaluusia ja Malaga meistriv\u00f5istlused Optimistidele. Osales \u00fcle 60 v\u00f5istleja, nende hulgas meie Tormi Villiam K\u00fctt, kes saavutas oma vanuser\u00fchmas suurep\u00e4rase II koha. Palju-palju \u00f5nne! <span class=\"x3nfvp2 x1j61x8r x1fcty0u xdj266r xhhsvwb xat24cr xgzva0m xxymvpz xlup9mm x1kky2od\"><img loading=\"lazy\" decoding=\"async\" src=\"https:\/\/static.xx.fbcdn.net\/images\/emoji.php\/v9\/tfe\/1\/16\/1f44f.png\" alt=\"\ud83d\udc4f\" width=\"16\" height=\"16\" \/><\/span><\/p>\n<p><img loading=\"lazy\" decoding=\"async\" class=\"aligncenter wp-image-596 size-large\" src=\"http:\/\/www.real.edu.ee\/ajaveeb\/147b\/files\/2023\/05\/343314306_602127811851058_5199635641968997719_n-1024x768.jpg\" alt=\"\" width=\"1024\" height=\"768\" srcset=\"https:\/\/www.real.edu.ee\/ajaveeb\/147b\/files\/2023\/05\/343314306_602127811851058_5199635641968997719_n-1024x768.jpg 1024w, https:\/\/www.real.edu.ee\/ajaveeb\/147b\/files\/2023\/05\/343314306_602127811851058_5199635641968997719_n-300x225.jpg 300w, https:\/\/www.real.edu.ee\/ajaveeb\/147b\/files\/2023\/05\/343314306_602127811851058_5199635641968997719_n-768x576.jpg 768w, https:\/\/www.real.edu.ee\/ajaveeb\/147b\/files\/2023\/05\/343314306_602127811851058_5199635641968997719_n-1536x1152.jpg 1536w, https:\/\/www.real.edu.ee\/ajaveeb\/147b\/files\/2023\/05\/343314306_602127811851058_5199635641968997719_n.jpg 2048w\" sizes=\"auto, (max-width: 1024px) 100vw, 1024px\" \/><\/p>\n","protected":false},"excerpt":{"rendered":"<p>22-23. aprillil toimusid Algeciras Andaluusia ja Malaga meistriv\u00f5istlused Optimistidele. Osales \u00fcle 60 v\u00f5istleja, nende hulgas meie Tormi Villiam K\u00fctt, kes saavutas oma vanuser\u00fchmas suurep\u00e4rase II koha. Palju-palju \u00f5nne!<\/p>\n","protected":false},"author":113,"featured_media":0,"comment_status":"closed","ping_status":"open","sticky":false,"template":"","format":"standard","meta":{"footnotes":""},"categories":[4],"tags":[],"class_list":["post-595","post","type-post","status-publish","format-standard","hentry","category-3-klass"],"_links":{"self":[{"href":"https:\/\/www.real.edu.ee\/ajaveeb\/147b\/wp-json\/wp\/v2\/posts\/595","targetHints":{"allow":["GET"]}}],"collection":[{"href":"https:\/\/www.real.edu.ee\/ajaveeb\/147b\/wp-json\/wp\/v2\/posts"}],"about":[{"href":"https:\/\/www.real.edu.ee\/ajaveeb\/147b\/wp-json\/wp\/v2\/types\/post"}],"author":[{"embeddable":true,"href":"https:\/\/www.real.edu.ee\/ajaveeb\/147b\/wp-json\/wp\/v2\/users\/113"}],"replies":[{"embeddable":true,"href":"https:\/\/www.real.edu.ee\/ajaveeb\/147b\/wp-json\/wp\/v2\/comments?post=595"}],"version-history":[{"count":2,"href":"https:\/\/www.real.edu.ee\/ajaveeb\/147b\/wp-json\/wp\/v2\/posts\/595\/revisions"}],"predecessor-version":[{"id":604,"href":"https:\/\/www.real.edu.ee\/ajaveeb\/147b\/wp-json\/wp\/v2\/posts\/595\/revisions\/604"}],"wp:attachment":[{"href":"https:\/\/www.real.edu.ee\/ajaveeb\/147b\/wp-json\/wp\/v2\/media?parent=595"}],"wp:term":[{"taxonomy":"category","embeddable":true,"href":"https:\/\/www.real.edu.ee\/ajaveeb\/147b\/wp-json\/wp\/v2\/categories?post=595"},{"taxonomy":"post_tag","embeddable":true,"href":"https:\/\/www.real.edu.ee\/ajaveeb\/147b\/wp-json\/wp\/v2\/tags?post=595"}],"curies":[{"name":"wp","href":"https:\/\/api.w.org\/{rel}","templated":true}]}}