{"id":279,"date":"2022-10-02T19:39:14","date_gmt":"2022-10-02T19:39:14","guid":{"rendered":"https:\/\/www.real.edu.ee\/ajaveeb\/147b\/?p=279"},"modified":"2022-11-15T07:07:14","modified_gmt":"2022-11-15T07:07:14","slug":"tallinna-reaalkool-141","status":"publish","type":"post","link":"https:\/\/www.real.edu.ee\/ajaveeb\/147b\/2022\/10\/02\/tallinna-reaalkool-141\/","title":{"rendered":"Tallinna Reaalkool 141"},"content":{"rendered":"<p><span style=\"font-family: arial, helvetica, sans-serif\">29. septembril oli Tallinna Reaalkooli 141. s\u00fcnnip\u00e4ev. P\u00e4eva alguses toimusid meil tunnid. Seej\u00e4rel kogunesime kooli hoovi direktori k\u00f5net kuulama. P\u00e4ev j\u00e4tkus klassis j\u00e4\u00e4tise s\u00f6\u00f6misega. Hiljem k\u00e4is meile oma kooliajast r\u00e4\u00e4kimas Reaalkooli vilistlane Daniel Kaasik. Muuhulgas saime temalt teada, millist toitu sel ajal kooli s\u00f6\u00f6klas pakuti ja mida tehti siis, kui Reaalkooli suur maja vajas remonti.<\/span><\/p>\n<p><em><span style=\"font-family: arial, helvetica, sans-serif\">Mirelle<\/span><\/em><\/p>\n<p><img loading=\"lazy\" decoding=\"async\" class=\"aligncenter size-full wp-image-367\" src=\"http:\/\/www.real.edu.ee\/ajaveeb\/147b\/files\/2022\/10\/Simple-Photo-Collage-Sign-Up-Facebook-Post.jpg\" alt=\"\" width=\"940\" height=\"788\" srcset=\"https:\/\/www.real.edu.ee\/ajaveeb\/147b\/files\/2022\/10\/Simple-Photo-Collage-Sign-Up-Facebook-Post.jpg 940w, https:\/\/www.real.edu.ee\/ajaveeb\/147b\/files\/2022\/10\/Simple-Photo-Collage-Sign-Up-Facebook-Post-300x251.jpg 300w, https:\/\/www.real.edu.ee\/ajaveeb\/147b\/files\/2022\/10\/Simple-Photo-Collage-Sign-Up-Facebook-Post-768x644.jpg 768w\" sizes=\"auto, (max-width: 940px) 100vw, 940px\" \/><\/p>\n","protected":false},"excerpt":{"rendered":"<p>29. septembril oli Tallinna Reaalkooli 141. s\u00fcnnip\u00e4ev. P\u00e4eva alguses toimusid meil tunnid. Seej\u00e4rel kogunesime kooli hoovi direktori k\u00f5net kuulama. P\u00e4ev j\u00e4tkus klassis j\u00e4\u00e4tise s\u00f6\u00f6misega. Hiljem k\u00e4is meile oma kooliajast r\u00e4\u00e4kimas Reaalkooli vilistlane Daniel Kaasik. Muuhulgas saime temalt teada, millist toitu sel ajal kooli s\u00f6\u00f6klas pakuti ja mida tehti siis, kui Reaalkooli suur maja vajas remonti. [&hellip;]<\/p>\n","protected":false},"author":113,"featured_media":0,"comment_status":"closed","ping_status":"open","sticky":false,"template":"","format":"standard","meta":{"footnotes":""},"categories":[4],"tags":[],"class_list":["post-279","post","type-post","status-publish","format-standard","hentry","category-3-klass"],"_links":{"self":[{"href":"https:\/\/www.real.edu.ee\/ajaveeb\/147b\/wp-json\/wp\/v2\/posts\/279","targetHints":{"allow":["GET"]}}],"collection":[{"href":"https:\/\/www.real.edu.ee\/ajaveeb\/147b\/wp-json\/wp\/v2\/posts"}],"about":[{"href":"https:\/\/www.real.edu.ee\/ajaveeb\/147b\/wp-json\/wp\/v2\/types\/post"}],"author":[{"embeddable":true,"href":"https:\/\/www.real.edu.ee\/ajaveeb\/147b\/wp-json\/wp\/v2\/users\/113"}],"replies":[{"embeddable":true,"href":"https:\/\/www.real.edu.ee\/ajaveeb\/147b\/wp-json\/wp\/v2\/comments?post=279"}],"version-history":[{"count":5,"href":"https:\/\/www.real.edu.ee\/ajaveeb\/147b\/wp-json\/wp\/v2\/posts\/279\/revisions"}],"predecessor-version":[{"id":368,"href":"https:\/\/www.real.edu.ee\/ajaveeb\/147b\/wp-json\/wp\/v2\/posts\/279\/revisions\/368"}],"wp:attachment":[{"href":"https:\/\/www.real.edu.ee\/ajaveeb\/147b\/wp-json\/wp\/v2\/media?parent=279"}],"wp:term":[{"taxonomy":"category","embeddable":true,"href":"https:\/\/www.real.edu.ee\/ajaveeb\/147b\/wp-json\/wp\/v2\/categories?post=279"},{"taxonomy":"post_tag","embeddable":true,"href":"https:\/\/www.real.edu.ee\/ajaveeb\/147b\/wp-json\/wp\/v2\/tags?post=279"}],"curies":[{"name":"wp","href":"https:\/\/api.w.org\/{rel}","templated":true}]}}