{"id":843,"date":"2022-12-09T17:23:30","date_gmt":"2022-12-09T17:23:30","guid":{"rendered":"https:\/\/www.real.edu.ee\/ajaveeb\/147a\/?p=843"},"modified":"2022-12-09T17:23:30","modified_gmt":"2022-12-09T17:23:30","slug":"4-klasside-korraldatud-joululaat-%f0%9f%8e%85%f0%9f%8f%bb","status":"publish","type":"post","link":"https:\/\/www.real.edu.ee\/ajaveeb\/147a\/2022\/12\/09\/4-klasside-korraldatud-joululaat-%f0%9f%8e%85%f0%9f%8f%bb\/","title":{"rendered":"4. klasside korraldatud j\u00f5ululaat! \ud83c\udf85\ud83c\udffb"},"content":{"rendered":"<p>Usun, et laadad on \u00fched enim oodatud kooli \u00fcritused. Neid tahetakse ise korraldada ja laadal on \u00e4ge k\u00e4ia ja kaupa uurida.<\/p>\n<p><img loading=\"lazy\" decoding=\"async\" class=\"alignnone size-medium wp-image-844\" src=\"http:\/\/www.real.edu.ee\/ajaveeb\/147a\/files\/2022\/12\/IMG_1203-300x225.jpeg\" alt=\"\" width=\"300\" height=\"225\" srcset=\"https:\/\/www.real.edu.ee\/ajaveeb\/147a\/files\/2022\/12\/IMG_1203-300x225.jpeg 300w, https:\/\/www.real.edu.ee\/ajaveeb\/147a\/files\/2022\/12\/IMG_1203-1024x768.jpeg 1024w, https:\/\/www.real.edu.ee\/ajaveeb\/147a\/files\/2022\/12\/IMG_1203-768x576.jpeg 768w, https:\/\/www.real.edu.ee\/ajaveeb\/147a\/files\/2022\/12\/IMG_1203-1536x1152.jpeg 1536w, https:\/\/www.real.edu.ee\/ajaveeb\/147a\/files\/2022\/12\/IMG_1203-2048x1536.jpeg 2048w\" sizes=\"auto, (max-width: 300px) 100vw, 300px\" \/> <img loading=\"lazy\" decoding=\"async\" class=\"alignnone size-medium wp-image-845\" src=\"http:\/\/www.real.edu.ee\/ajaveeb\/147a\/files\/2022\/12\/IMG_1204-300x225.jpeg\" alt=\"\" width=\"300\" height=\"225\" srcset=\"https:\/\/www.real.edu.ee\/ajaveeb\/147a\/files\/2022\/12\/IMG_1204-300x225.jpeg 300w, https:\/\/www.real.edu.ee\/ajaveeb\/147a\/files\/2022\/12\/IMG_1204-1024x768.jpeg 1024w, https:\/\/www.real.edu.ee\/ajaveeb\/147a\/files\/2022\/12\/IMG_1204-768x576.jpeg 768w, https:\/\/www.real.edu.ee\/ajaveeb\/147a\/files\/2022\/12\/IMG_1204-1536x1152.jpeg 1536w, https:\/\/www.real.edu.ee\/ajaveeb\/147a\/files\/2022\/12\/IMG_1204-2048x1536.jpeg 2048w\" sizes=\"auto, (max-width: 300px) 100vw, 300px\" \/><\/p>\n","protected":false},"excerpt":{"rendered":"<p>Usun, et laadad on \u00fched enim oodatud kooli \u00fcritused. Neid tahetakse ise korraldada ja laadal on \u00e4ge k\u00e4ia ja kaupa uurida.<\/p>\n","protected":false},"author":51,"featured_media":0,"comment_status":"closed","ping_status":"open","sticky":false,"template":"","format":"standard","meta":{"footnotes":""},"categories":[4],"tags":[],"class_list":["post-843","post","type-post","status-publish","format-standard","hentry","category-oa-2022-2023"],"_links":{"self":[{"href":"https:\/\/www.real.edu.ee\/ajaveeb\/147a\/wp-json\/wp\/v2\/posts\/843","targetHints":{"allow":["GET"]}}],"collection":[{"href":"https:\/\/www.real.edu.ee\/ajaveeb\/147a\/wp-json\/wp\/v2\/posts"}],"about":[{"href":"https:\/\/www.real.edu.ee\/ajaveeb\/147a\/wp-json\/wp\/v2\/types\/post"}],"author":[{"embeddable":true,"href":"https:\/\/www.real.edu.ee\/ajaveeb\/147a\/wp-json\/wp\/v2\/users\/51"}],"replies":[{"embeddable":true,"href":"https:\/\/www.real.edu.ee\/ajaveeb\/147a\/wp-json\/wp\/v2\/comments?post=843"}],"version-history":[{"count":1,"href":"https:\/\/www.real.edu.ee\/ajaveeb\/147a\/wp-json\/wp\/v2\/posts\/843\/revisions"}],"predecessor-version":[{"id":846,"href":"https:\/\/www.real.edu.ee\/ajaveeb\/147a\/wp-json\/wp\/v2\/posts\/843\/revisions\/846"}],"wp:attachment":[{"href":"https:\/\/www.real.edu.ee\/ajaveeb\/147a\/wp-json\/wp\/v2\/media?parent=843"}],"wp:term":[{"taxonomy":"category","embeddable":true,"href":"https:\/\/www.real.edu.ee\/ajaveeb\/147a\/wp-json\/wp\/v2\/categories?post=843"},{"taxonomy":"post_tag","embeddable":true,"href":"https:\/\/www.real.edu.ee\/ajaveeb\/147a\/wp-json\/wp\/v2\/tags?post=843"}],"curies":[{"name":"wp","href":"https:\/\/api.w.org\/{rel}","templated":true}]}}