{"id":1960,"date":"2025-03-08T09:04:27","date_gmt":"2025-03-08T09:04:27","guid":{"rendered":"https:\/\/www.real.edu.ee\/ajaveeb\/147a\/?p=1960"},"modified":"2025-03-08T09:05:44","modified_gmt":"2025-03-08T09:05:44","slug":"suusapaevad-kiviolis-ja-korvemaal","status":"publish","type":"post","link":"https:\/\/www.real.edu.ee\/ajaveeb\/147a\/2025\/03\/08\/suusapaevad-kiviolis-ja-korvemaal\/","title":{"rendered":"Suusap\u00e4evad Kivi\u00f5lis ja K\u00f5rvemaal"},"content":{"rendered":"<p><span style=\"font-weight: 400\">Neljap\u00e4eval 13. veebruaril k\u00e4is 5.a klass Kivi\u00f5lis m\u00e4esuusatamist tegemas. Bussis\u00f5it l\u00e4ks enam-v\u00e4hem h\u00e4sti. Ilm oli v\u00e4ga ilus ja rada oli heas korras. Kellelgil ei olnud varustusega mingeid probleeme ja suuri \u00f5nnetusi ei juhtunud. Sellel aastal \u00fchtegi h\u00fcpet ega toru polnud, aga poisid leidsid \u00fche toreda metsaraja, kus sai h\u00e4sti s\u00f5ita. K\u00f5ige naljakama kukkumise auhinna sai \u00f5pilane, kes suutis kukkudes j\u00e4\u00e4da t\u00f5stuki k\u00fclge kinni, \u00f5nneks ta haiget ei saanud. P\u00e4eva l\u00f5puks tehti sinna ka slaalomirada.<\/span><\/p>\n<p><img loading=\"lazy\" decoding=\"async\" class=\"size-medium wp-image-1964 aligncenter\" src=\"http:\/\/www.real.edu.ee\/ajaveeb\/147a\/files\/2025\/03\/IMG_3671-1-300x225.jpg\" alt=\"\" width=\"300\" height=\"225\" srcset=\"https:\/\/www.real.edu.ee\/ajaveeb\/147a\/files\/2025\/03\/IMG_3671-1-300x225.jpg 300w, https:\/\/www.real.edu.ee\/ajaveeb\/147a\/files\/2025\/03\/IMG_3671-1-1024x768.jpg 1024w, https:\/\/www.real.edu.ee\/ajaveeb\/147a\/files\/2025\/03\/IMG_3671-1-768x576.jpg 768w, https:\/\/www.real.edu.ee\/ajaveeb\/147a\/files\/2025\/03\/IMG_3671-1.jpg 1170w\" sizes=\"auto, (max-width: 300px) 100vw, 300px\" \/><\/p>\n<p><span style=\"font-weight: 400\">Reedel, 14. veebruaril oli meil sportlik suusap\u00e4ev K\u00f5rvemaal. Kel<\/span><span style=\"font-weight: 400\">l 9.00 startisime bussiga G. Otsa t\u00e4navalt ja hakkasime s\u00f5itma K\u00f5rvemaale. Kella k\u00fcmne paiku olime K\u00f5rvemaal kohal ja saime alustada suusatamist. 10.35 algas teatev\u00f5istlus, kus meie klassi koosseis oli Alfred, Jakob, Villem, Laura, Helena ja Kim. Saavutasime 4. koha. Samuti s\u00f5itsid meil \u00fcksiks\u00f5idus Alfred ja Laura. Alfred saavutas 4. koha ja Laura 2. koha. Oleme v\u00e4ga r\u00f5\u00f5msad ja uhked nende kohtade \u00fcle! P\u00e4rast saime sooja vaarika-piparm\u00fcndi teed ja frikadellisuppi.Kell 12.40 hakkasime K\u00f5rvemaalt tagasi Tallinnasse tulema. Kokkuv\u00f5ttes oli meil k\u00f5igil loodetavasti tore suusap\u00e4ev.\u00a0 <\/span><\/p>\n<p><span style=\"font-weight: 400\"><img loading=\"lazy\" decoding=\"async\" class=\"size-medium wp-image-1961 aligncenter\" style=\"margin-top: 0px\" src=\"http:\/\/www.real.edu.ee\/ajaveeb\/147a\/files\/2025\/03\/IMG_3604-225x300.jpg\" alt=\"\" width=\"225\" height=\"300\" srcset=\"https:\/\/www.real.edu.ee\/ajaveeb\/147a\/files\/2025\/03\/IMG_3604-225x300.jpg 225w, https:\/\/www.real.edu.ee\/ajaveeb\/147a\/files\/2025\/03\/IMG_3604-768x1024.jpg 768w, https:\/\/www.real.edu.ee\/ajaveeb\/147a\/files\/2025\/03\/IMG_3604-1152x1536.jpg 1152w, https:\/\/www.real.edu.ee\/ajaveeb\/147a\/files\/2025\/03\/IMG_3604-1536x2048.jpg 1536w, https:\/\/www.real.edu.ee\/ajaveeb\/147a\/files\/2025\/03\/IMG_3604-scaled.jpg 1920w\" sizes=\"auto, (max-width: 225px) 100vw, 225px\" \/><\/span><\/p>\n","protected":false},"excerpt":{"rendered":"<p>Neljap\u00e4eval 13. veebruaril k\u00e4is 5.a klass Kivi\u00f5lis m\u00e4esuusatamist tegemas. Bussis\u00f5it l\u00e4ks enam-v\u00e4hem h\u00e4sti. Ilm oli v\u00e4ga ilus ja rada oli heas korras. Kellelgil ei olnud varustusega mingeid probleeme ja suuri \u00f5nnetusi ei juhtunud. Sellel aastal \u00fchtegi h\u00fcpet ega toru polnud, aga poisid leidsid \u00fche toreda metsaraja, kus sai h\u00e4sti s\u00f5ita. K\u00f5ige naljakama kukkumise auhinna sai [&hellip;]<\/p>\n","protected":false},"author":223,"featured_media":0,"comment_status":"closed","ping_status":"open","sticky":false,"template":"","format":"standard","meta":{"footnotes":""},"categories":[1],"tags":[],"class_list":["post-1960","post","type-post","status-publish","format-standard","hentry","category-uncategorized"],"_links":{"self":[{"href":"https:\/\/www.real.edu.ee\/ajaveeb\/147a\/wp-json\/wp\/v2\/posts\/1960","targetHints":{"allow":["GET"]}}],"collection":[{"href":"https:\/\/www.real.edu.ee\/ajaveeb\/147a\/wp-json\/wp\/v2\/posts"}],"about":[{"href":"https:\/\/www.real.edu.ee\/ajaveeb\/147a\/wp-json\/wp\/v2\/types\/post"}],"author":[{"embeddable":true,"href":"https:\/\/www.real.edu.ee\/ajaveeb\/147a\/wp-json\/wp\/v2\/users\/223"}],"replies":[{"embeddable":true,"href":"https:\/\/www.real.edu.ee\/ajaveeb\/147a\/wp-json\/wp\/v2\/comments?post=1960"}],"version-history":[{"count":3,"href":"https:\/\/www.real.edu.ee\/ajaveeb\/147a\/wp-json\/wp\/v2\/posts\/1960\/revisions"}],"predecessor-version":[{"id":1966,"href":"https:\/\/www.real.edu.ee\/ajaveeb\/147a\/wp-json\/wp\/v2\/posts\/1960\/revisions\/1966"}],"wp:attachment":[{"href":"https:\/\/www.real.edu.ee\/ajaveeb\/147a\/wp-json\/wp\/v2\/media?parent=1960"}],"wp:term":[{"taxonomy":"category","embeddable":true,"href":"https:\/\/www.real.edu.ee\/ajaveeb\/147a\/wp-json\/wp\/v2\/categories?post=1960"},{"taxonomy":"post_tag","embeddable":true,"href":"https:\/\/www.real.edu.ee\/ajaveeb\/147a\/wp-json\/wp\/v2\/tags?post=1960"}],"curies":[{"name":"wp","href":"https:\/\/api.w.org\/{rel}","templated":true}]}}