{"id":590,"date":"2021-09-27T19:51:33","date_gmt":"2021-09-27T19:51:33","guid":{"rendered":"https:\/\/www.real.edu.ee\/ajaveeb\/146b\/?p=590"},"modified":"2021-09-27T19:51:33","modified_gmt":"2021-09-27T19:51:33","slug":"sugislaat","status":"publish","type":"post","link":"https:\/\/www.real.edu.ee\/ajaveeb\/146b\/2021\/09\/27\/sugislaat\/","title":{"rendered":"S\u00fcgislaat"},"content":{"rendered":"<p>Igal aastal toimub Reaalkooli s\u00fcgislaat, kus m\u00fc\u00fcakse ise tehtud asju ning mille korraldab kolmas<br \/>\nklass. Sellel aastal oleme kolmandas meie, seega oli see meie \u00fclesanne. M\u00fc\u00fcdavad asjad ei tohtinud<br \/>\nolla poest ostetud, aga m\u00fc\u00fca v\u00f5is isegi n\u00e4iteks vanaema marineeritud seeni, kuigi midagi pidi ise ka<br \/>\nikka tegemisel kaasa aitama. Tavaliselt toimub laat aulas, sel aastal aga pidi laat koroona t\u00f5ttu \u00f5ues<br \/>\ntoimuma.<br \/>\nLaadap\u00e4eva ilm oli v\u00e4ga k\u00fclm ja \u00f5petaja k\u00e4skis soojalt riidesse panna, kuid p\u00e4ike \u00f5nneks paistis. Aga<br \/>\nma sain ikkagi panna oma uued k\u00f5ige paksemad talvesaapad, mida ma juba kaks n\u00e4dalat proovisin<br \/>\njalga panna, kuid kogu aeg oli liiga palav. \u00dcks mu s\u00f5ber m\u00fc\u00fcs k\u00e4paj\u00e4lje kujulisi seepe, m\u00fc\u00fcs need<br \/>\nk\u00fcmne minutiga maha ning tuli siis mulle appi. Ma m\u00fc\u00fcsin stressipalle, pop-it \u0161okolaade ja<br \/>\nlava\u0161ikr\u00f5pse. K\u00f5igepealt osteti \u00e4ra stressipallid ja \u00fcks \u00f5petaja ostis isegi kaks, sest \u00f5petajatel on ka<br \/>\nstress. Lava\u0161ikr\u00f5psud ei m\u00fc\u00fcnud alguses \u00fcldse h\u00e4sti, kuni tulid n\u00e4ljased suured ning ostsid k\u00f5ik \u00e4ra.<br \/>\nM\u00fc\u00fcsin k\u00f5ik oma asjad v\u00e4hem kui tunniga \u00e4ra ja neid asju oli v\u00e4ga palju. Siis ma l\u00e4ksin ise mahla,<br \/>\nk\u00fcpsiseid ja j\u00e4rjehoidjaid ostma. Veel m\u00fc\u00fcdi laadal palju muffineid, kooki, \u00f5una ja muud sellist<br \/>\nkraami. Oli k\u00f5va tuul, mille t\u00f5ttu lendas \u00fchel lapsel kolm viiekat \u00e4ra, aga \u00f5petaja leidis maast hoopis<br \/>\nk\u00fcmneeurose. L\u00f5puks osteti peaaegu k\u00f5ik \u00e4ra, nii \u00f5unakook, moos, k\u00fcpsised kui ka plastiliin.<br \/>\nP\u00e4rast me arvutasime oma raha kokku ning andsime osa oma rahast klassi jaoks. Iga\u00fcks pidi panema<br \/>\nklassi rahasse v\u00e4hemalt viis eurot. Me saame hiljem ise otsustada, mida toredat me klassi rahaga<br \/>\nteeme v\u00f5i kuhu l\u00e4heme.<\/p>\n<p>Elsbet Steinberg<\/p>\n\n\t\t<style type=\"text\/css\">\n\t\t\t#gallery-1 {\n\t\t\t\tmargin: auto;\n\t\t\t}\n\t\t\t#gallery-1 .gallery-item {\n\t\t\t\tfloat: left;\n\t\t\t\tmargin-top: 10px;\n\t\t\t\ttext-align: center;\n\t\t\t\twidth: 33%;\n\t\t\t}\n\t\t\t#gallery-1 img {\n\t\t\t\tborder: 2px solid #cfcfcf;\n\t\t\t}\n\t\t\t#gallery-1 .gallery-caption {\n\t\t\t\tmargin-left: 0;\n\t\t\t}\n\t\t\t\/* see gallery_shortcode() in wp-includes\/media.php *\/\n\t\t<\/style>\n\t\t<div id='gallery-1' class='gallery galleryid-590 gallery-columns-3 gallery-size-thumbnail'><dl class='gallery-item'>\n\t\t\t<dt class='gallery-icon landscape'>\n\t\t\t\t<a href='https:\/\/www.real.edu.ee\/ajaveeb\/146b\/2021\/09\/27\/sugislaat\/img_7739-3\/'><img loading=\"lazy\" decoding=\"async\" width=\"150\" height=\"150\" src=\"https:\/\/www.real.edu.ee\/ajaveeb\/146b\/files\/2021\/09\/IMG_7739-2-150x150.jpg\" class=\"attachment-thumbnail size-thumbnail\" alt=\"\" \/><\/a>\n\t\t\t<\/dt><\/dl><dl class='gallery-item'>\n\t\t\t<dt class='gallery-icon landscape'>\n\t\t\t\t<a href='https:\/\/www.real.edu.ee\/ajaveeb\/146b\/2021\/09\/27\/sugislaat\/img_7740-3\/'><img loading=\"lazy\" decoding=\"async\" width=\"150\" height=\"150\" src=\"https:\/\/www.real.edu.ee\/ajaveeb\/146b\/files\/2021\/09\/IMG_7740-2-150x150.jpg\" class=\"attachment-thumbnail size-thumbnail\" alt=\"\" \/><\/a>\n\t\t\t<\/dt><\/dl><dl class='gallery-item'>\n\t\t\t<dt class='gallery-icon landscape'>\n\t\t\t\t<a href='https:\/\/www.real.edu.ee\/ajaveeb\/146b\/2021\/09\/27\/sugislaat\/img_7742-3\/'><img loading=\"lazy\" decoding=\"async\" width=\"150\" height=\"150\" src=\"https:\/\/www.real.edu.ee\/ajaveeb\/146b\/files\/2021\/09\/IMG_7742-2-150x150.jpg\" class=\"attachment-thumbnail size-thumbnail\" alt=\"\" \/><\/a>\n\t\t\t<\/dt><\/dl><br style=\"clear: both\" \/><dl class='gallery-item'>\n\t\t\t<dt class='gallery-icon landscape'>\n\t\t\t\t<a href='https:\/\/www.real.edu.ee\/ajaveeb\/146b\/2021\/09\/27\/sugislaat\/img_7743-3\/'><img loading=\"lazy\" decoding=\"async\" width=\"150\" height=\"150\" src=\"https:\/\/www.real.edu.ee\/ajaveeb\/146b\/files\/2021\/09\/IMG_7743-2-150x150.jpg\" class=\"attachment-thumbnail size-thumbnail\" alt=\"\" \/><\/a>\n\t\t\t<\/dt><\/dl><dl class='gallery-item'>\n\t\t\t<dt class='gallery-icon landscape'>\n\t\t\t\t<a href='https:\/\/www.real.edu.ee\/ajaveeb\/146b\/2021\/09\/27\/sugislaat\/img_7744-3\/'><img loading=\"lazy\" decoding=\"async\" width=\"150\" height=\"150\" src=\"https:\/\/www.real.edu.ee\/ajaveeb\/146b\/files\/2021\/09\/IMG_7744-2-150x150.jpg\" class=\"attachment-thumbnail size-thumbnail\" alt=\"\" \/><\/a>\n\t\t\t<\/dt><\/dl><dl class='gallery-item'>\n\t\t\t<dt class='gallery-icon landscape'>\n\t\t\t\t<a href='https:\/\/www.real.edu.ee\/ajaveeb\/146b\/2021\/09\/27\/sugislaat\/img_7745-3\/'><img loading=\"lazy\" decoding=\"async\" width=\"150\" height=\"150\" src=\"https:\/\/www.real.edu.ee\/ajaveeb\/146b\/files\/2021\/09\/IMG_7745-2-150x150.jpg\" class=\"attachment-thumbnail size-thumbnail\" alt=\"\" \/><\/a>\n\t\t\t<\/dt><\/dl><br style=\"clear: both\" \/><dl class='gallery-item'>\n\t\t\t<dt class='gallery-icon landscape'>\n\t\t\t\t<a href='https:\/\/www.real.edu.ee\/ajaveeb\/146b\/2021\/09\/27\/sugislaat\/img_7750-4\/'><img loading=\"lazy\" decoding=\"async\" width=\"150\" height=\"150\" src=\"https:\/\/www.real.edu.ee\/ajaveeb\/146b\/files\/2021\/09\/IMG_7750-3-150x150.jpg\" class=\"attachment-thumbnail size-thumbnail\" alt=\"\" \/><\/a>\n\t\t\t<\/dt><\/dl><dl class='gallery-item'>\n\t\t\t<dt class='gallery-icon landscape'>\n\t\t\t\t<a href='https:\/\/www.real.edu.ee\/ajaveeb\/146b\/2021\/09\/27\/sugislaat\/img_7746-3\/'><img loading=\"lazy\" decoding=\"async\" width=\"150\" height=\"150\" src=\"https:\/\/www.real.edu.ee\/ajaveeb\/146b\/files\/2021\/09\/IMG_7746-2-150x150.jpg\" class=\"attachment-thumbnail size-thumbnail\" alt=\"\" \/><\/a>\n\t\t\t<\/dt><\/dl><dl class='gallery-item'>\n\t\t\t<dt class='gallery-icon landscape'>\n\t\t\t\t<a href='https:\/\/www.real.edu.ee\/ajaveeb\/146b\/2021\/09\/27\/sugislaat\/img_7755-3\/'><img loading=\"lazy\" decoding=\"async\" width=\"150\" height=\"150\" src=\"https:\/\/www.real.edu.ee\/ajaveeb\/146b\/files\/2021\/09\/IMG_7755-2-150x150.jpg\" class=\"attachment-thumbnail size-thumbnail\" alt=\"\" \/><\/a>\n\t\t\t<\/dt><\/dl><br style=\"clear: both\" \/><dl class='gallery-item'>\n\t\t\t<dt class='gallery-icon landscape'>\n\t\t\t\t<a href='https:\/\/www.real.edu.ee\/ajaveeb\/146b\/2021\/09\/27\/sugislaat\/img_7748-3\/'><img loading=\"lazy\" decoding=\"async\" width=\"150\" height=\"150\" src=\"https:\/\/www.real.edu.ee\/ajaveeb\/146b\/files\/2021\/09\/IMG_7748-2-150x150.jpg\" class=\"attachment-thumbnail size-thumbnail\" alt=\"\" \/><\/a>\n\t\t\t<\/dt><\/dl><dl class='gallery-item'>\n\t\t\t<dt class='gallery-icon landscape'>\n\t\t\t\t<a href='https:\/\/www.real.edu.ee\/ajaveeb\/146b\/2021\/09\/27\/sugislaat\/img_7749-3\/'><img loading=\"lazy\" decoding=\"async\" width=\"150\" height=\"150\" src=\"https:\/\/www.real.edu.ee\/ajaveeb\/146b\/files\/2021\/09\/IMG_7749-2-150x150.jpg\" class=\"attachment-thumbnail size-thumbnail\" alt=\"\" \/><\/a>\n\t\t\t<\/dt><\/dl>\n\t\t\t<br style='clear: both' \/>\n\t\t<\/div>\n\n","protected":false},"excerpt":{"rendered":"<p>Igal aastal toimub Reaalkooli s\u00fcgislaat, kus m\u00fc\u00fcakse ise tehtud asju ning mille korraldab kolmas klass. Sellel aastal oleme kolmandas meie, seega oli see meie \u00fclesanne. M\u00fc\u00fcdavad asjad ei tohtinud olla poest ostetud, aga m\u00fc\u00fca v\u00f5is isegi n\u00e4iteks vanaema marineeritud seeni, kuigi midagi pidi ise ka ikka tegemisel kaasa aitama. Tavaliselt toimub laat aulas, sel aastal [&hellip;]<\/p>\n","protected":false},"author":30,"featured_media":0,"comment_status":"closed","ping_status":"open","sticky":false,"template":"","format":"standard","meta":{"footnotes":""},"categories":[1],"tags":[],"class_list":["post-590","post","type-post","status-publish","format-standard","hentry","category-maaratlemata"],"_links":{"self":[{"href":"https:\/\/www.real.edu.ee\/ajaveeb\/146b\/wp-json\/wp\/v2\/posts\/590","targetHints":{"allow":["GET"]}}],"collection":[{"href":"https:\/\/www.real.edu.ee\/ajaveeb\/146b\/wp-json\/wp\/v2\/posts"}],"about":[{"href":"https:\/\/www.real.edu.ee\/ajaveeb\/146b\/wp-json\/wp\/v2\/types\/post"}],"author":[{"embeddable":true,"href":"https:\/\/www.real.edu.ee\/ajaveeb\/146b\/wp-json\/wp\/v2\/users\/30"}],"replies":[{"embeddable":true,"href":"https:\/\/www.real.edu.ee\/ajaveeb\/146b\/wp-json\/wp\/v2\/comments?post=590"}],"version-history":[{"count":1,"href":"https:\/\/www.real.edu.ee\/ajaveeb\/146b\/wp-json\/wp\/v2\/posts\/590\/revisions"}],"predecessor-version":[{"id":614,"href":"https:\/\/www.real.edu.ee\/ajaveeb\/146b\/wp-json\/wp\/v2\/posts\/590\/revisions\/614"}],"wp:attachment":[{"href":"https:\/\/www.real.edu.ee\/ajaveeb\/146b\/wp-json\/wp\/v2\/media?parent=590"}],"wp:term":[{"taxonomy":"category","embeddable":true,"href":"https:\/\/www.real.edu.ee\/ajaveeb\/146b\/wp-json\/wp\/v2\/categories?post=590"},{"taxonomy":"post_tag","embeddable":true,"href":"https:\/\/www.real.edu.ee\/ajaveeb\/146b\/wp-json\/wp\/v2\/tags?post=590"}],"curies":[{"name":"wp","href":"https:\/\/api.w.org\/{rel}","templated":true}]}}