{"id":1516,"date":"2024-05-16T15:25:48","date_gmt":"2024-05-16T15:25:48","guid":{"rendered":"https:\/\/www.real.edu.ee\/ajaveeb\/146b\/?p=1516"},"modified":"2024-05-16T15:25:48","modified_gmt":"2024-05-16T15:25:48","slug":"kevadkontsert-mere-pidu","status":"publish","type":"post","link":"https:\/\/www.real.edu.ee\/ajaveeb\/146b\/2024\/05\/16\/kevadkontsert-mere-pidu\/","title":{"rendered":"Kevadkontsert Mere pidu"},"content":{"rendered":"<p>3. aprillil toimus kevadkontsert Mere pidu. Meie klassil oli see t\u00e4pselt p\u00e4rast kehalist, seega k\u00f5ik l\u00e4ksid ise sinna. Muidugi k\u00f5ik ei mahtunud bussi peale, sest meid oli p\u00e4ris palju. \u00d5nneks j\u00f5udsid k\u00f5ik ilusti Kalevi spordihalli kohale. Seal kontserdil laulsime erinevaid laule ja teised tantsisid ka, m\u00f5ni tants oli ka natuke imelik. Tore oli see, et ka \u00f5petajatele oli tants v\u00e4lja m\u00f5eldud ning isegi meie eelmist klassijuhatajat oli tantsimas n\u00e4ha!\u00a0 L\u00f5pus saime k\u00f5ik koos tantsida. P\u00e4rast seda oli koolip\u00e4ev l\u00e4bi.<\/p>\n<p><img loading=\"lazy\" decoding=\"async\" class=\"alignnone size-medium wp-image-1523\" src=\"http:\/\/www.real.edu.ee\/ajaveeb\/146b\/files\/2024\/04\/PXL_20240403_100521825.MP_-225x300.jpg\" alt=\"\" width=\"225\" height=\"300\" srcset=\"https:\/\/www.real.edu.ee\/ajaveeb\/146b\/files\/2024\/04\/PXL_20240403_100521825.MP_-225x300.jpg 225w, https:\/\/www.real.edu.ee\/ajaveeb\/146b\/files\/2024\/04\/PXL_20240403_100521825.MP_-768x1024.jpg 768w, https:\/\/www.real.edu.ee\/ajaveeb\/146b\/files\/2024\/04\/PXL_20240403_100521825.MP_-1152x1536.jpg 1152w, https:\/\/www.real.edu.ee\/ajaveeb\/146b\/files\/2024\/04\/PXL_20240403_100521825.MP_-1536x2048.jpg 1536w, https:\/\/www.real.edu.ee\/ajaveeb\/146b\/files\/2024\/04\/PXL_20240403_100521825.MP_-scaled.jpg 1920w\" sizes=\"auto, (max-width: 225px) 100vw, 225px\" \/> <img loading=\"lazy\" decoding=\"async\" class=\"alignnone size-medium wp-image-1524\" src=\"http:\/\/www.real.edu.ee\/ajaveeb\/146b\/files\/2024\/04\/PXL_20240403_101155546-300x225.jpg\" alt=\"\" width=\"300\" height=\"225\" srcset=\"https:\/\/www.real.edu.ee\/ajaveeb\/146b\/files\/2024\/04\/PXL_20240403_101155546-300x225.jpg 300w, https:\/\/www.real.edu.ee\/ajaveeb\/146b\/files\/2024\/04\/PXL_20240403_101155546-1024x768.jpg 1024w, https:\/\/www.real.edu.ee\/ajaveeb\/146b\/files\/2024\/04\/PXL_20240403_101155546-768x576.jpg 768w, https:\/\/www.real.edu.ee\/ajaveeb\/146b\/files\/2024\/04\/PXL_20240403_101155546-1536x1152.jpg 1536w, https:\/\/www.real.edu.ee\/ajaveeb\/146b\/files\/2024\/04\/PXL_20240403_101155546-2048x1536.jpg 2048w\" sizes=\"auto, (max-width: 300px) 100vw, 300px\" \/><\/p>\n<p>pildid: Reet Varik, tekst: Nora Isabella Lepp<\/p>\n","protected":false},"excerpt":{"rendered":"<p>3. aprillil toimus kevadkontsert Mere pidu. Meie klassil oli see t\u00e4pselt p\u00e4rast kehalist, seega k\u00f5ik l\u00e4ksid ise sinna. Muidugi k\u00f5ik ei mahtunud bussi peale, sest meid oli p\u00e4ris palju. \u00d5nneks j\u00f5udsid k\u00f5ik ilusti Kalevi spordihalli kohale. Seal kontserdil laulsime erinevaid laule ja teised tantsisid ka, m\u00f5ni tants oli ka natuke imelik. Tore oli see, et [&hellip;]<\/p>\n","protected":false},"author":197,"featured_media":0,"comment_status":"closed","ping_status":"open","sticky":false,"template":"","format":"standard","meta":{"footnotes":""},"categories":[1],"tags":[],"class_list":["post-1516","post","type-post","status-publish","format-standard","hentry","category-maaratlemata"],"_links":{"self":[{"href":"https:\/\/www.real.edu.ee\/ajaveeb\/146b\/wp-json\/wp\/v2\/posts\/1516","targetHints":{"allow":["GET"]}}],"collection":[{"href":"https:\/\/www.real.edu.ee\/ajaveeb\/146b\/wp-json\/wp\/v2\/posts"}],"about":[{"href":"https:\/\/www.real.edu.ee\/ajaveeb\/146b\/wp-json\/wp\/v2\/types\/post"}],"author":[{"embeddable":true,"href":"https:\/\/www.real.edu.ee\/ajaveeb\/146b\/wp-json\/wp\/v2\/users\/197"}],"replies":[{"embeddable":true,"href":"https:\/\/www.real.edu.ee\/ajaveeb\/146b\/wp-json\/wp\/v2\/comments?post=1516"}],"version-history":[{"count":8,"href":"https:\/\/www.real.edu.ee\/ajaveeb\/146b\/wp-json\/wp\/v2\/posts\/1516\/revisions"}],"predecessor-version":[{"id":1534,"href":"https:\/\/www.real.edu.ee\/ajaveeb\/146b\/wp-json\/wp\/v2\/posts\/1516\/revisions\/1534"}],"wp:attachment":[{"href":"https:\/\/www.real.edu.ee\/ajaveeb\/146b\/wp-json\/wp\/v2\/media?parent=1516"}],"wp:term":[{"taxonomy":"category","embeddable":true,"href":"https:\/\/www.real.edu.ee\/ajaveeb\/146b\/wp-json\/wp\/v2\/categories?post=1516"},{"taxonomy":"post_tag","embeddable":true,"href":"https:\/\/www.real.edu.ee\/ajaveeb\/146b\/wp-json\/wp\/v2\/tags?post=1516"}],"curies":[{"name":"wp","href":"https:\/\/api.w.org\/{rel}","templated":true}]}}