{"id":42,"date":"2019-09-13T14:06:55","date_gmt":"2019-09-13T14:06:55","guid":{"rendered":"http:\/\/www.real.edu.ee\/ajaveeb\/146a\/?p=42"},"modified":"2024-11-02T09:09:19","modified_gmt":"2024-11-02T09:09:19","slug":"spordipaev-13-septembril","status":"publish","type":"post","link":"https:\/\/www.real.edu.ee\/ajaveeb\/146a\/2019\/09\/13\/spordipaev-13-septembril\/","title":{"rendered":"SPORDIP\u00c4EV 13. SEPTEMBRIL"},"content":{"rendered":"<p>KUIGI ILM OLI VIHMANE JA JAHE, SIIS SAIME TUBLISTI TEHA V\u00d5IDUJOOKSU, TEATEV\u00d5ISTLUST.<\/p>\n<p><a href=\"http:\/\/www.real.edu.ee\/ajaveeb\/146a\/files\/2019\/10\/spordipaev-8.jpg\"><img loading=\"lazy\" decoding=\"async\" class=\"alignnone wp-image-115 size-medium\" style=\"margin-bottom: 0px;color: #0000ee\" src=\"http:\/\/www.real.edu.ee\/ajaveeb\/146a\/files\/2019\/10\/spordipaev-8-300x225.jpg\" alt=\"\" width=\"300\" height=\"225\" srcset=\"https:\/\/www.real.edu.ee\/ajaveeb\/146a\/files\/2019\/10\/spordipaev-8-300x225.jpg 300w, https:\/\/www.real.edu.ee\/ajaveeb\/146a\/files\/2019\/10\/spordipaev-8-768x576.jpg 768w, https:\/\/www.real.edu.ee\/ajaveeb\/146a\/files\/2019\/10\/spordipaev-8.jpg 1024w\" sizes=\"auto, (max-width: 300px) 100vw, 300px\" \/><\/a><br \/>\nMeie klassi Kristjan sai 1. klassi arvestuses jooksmises II koha. PALJU \u00d5NNE! =)<\/p>\n<p><img loading=\"lazy\" decoding=\"async\" class=\"alignnone size-medium wp-image-114\" src=\"http:\/\/www.real.edu.ee\/ajaveeb\/146a\/files\/2019\/10\/spordipaev-4-300x225.jpg\" alt=\"\" width=\"300\" height=\"225\" srcset=\"https:\/\/www.real.edu.ee\/ajaveeb\/146a\/files\/2019\/10\/spordipaev-4-300x225.jpg 300w, https:\/\/www.real.edu.ee\/ajaveeb\/146a\/files\/2019\/10\/spordipaev-4-768x576.jpg 768w, https:\/\/www.real.edu.ee\/ajaveeb\/146a\/files\/2019\/10\/spordipaev-4.jpg 1024w\" sizes=\"auto, (max-width: 300px) 100vw, 300px\" \/><br \/>\nSoojendus enne jooksurajale minekut<\/p>\n<p><a href=\"http:\/\/www.real.edu.ee\/ajaveeb\/146a\/files\/2019\/10\/SPORDIP\u00c4EV2.jpg\"><img loading=\"lazy\" decoding=\"async\" class=\"alignnone wp-image-117 size-medium\" src=\"http:\/\/www.real.edu.ee\/ajaveeb\/146a\/files\/2019\/10\/SPORDIP\u00c4EV2-300x200.jpg\" alt=\"\" width=\"300\" height=\"200\" srcset=\"https:\/\/www.real.edu.ee\/ajaveeb\/146a\/files\/2019\/10\/SPORDIP\u00c4EV2-300x200.jpg 300w, https:\/\/www.real.edu.ee\/ajaveeb\/146a\/files\/2019\/10\/SPORDIP\u00c4EV2-768x512.jpg 768w, https:\/\/www.real.edu.ee\/ajaveeb\/146a\/files\/2019\/10\/SPORDIP\u00c4EV2-1024x683.jpg 1024w, https:\/\/www.real.edu.ee\/ajaveeb\/146a\/files\/2019\/10\/SPORDIP\u00c4EV2.jpg 1152w\" sizes=\"auto, (max-width: 300px) 100vw, 300px\" \/><\/a><br \/>\nTegelikult oli v\u00f5itja see, kes vaatamata vihmasele ilmale suutis hoida oma meele positiivsena.<\/p>\n<div id=\"attachment_116\" style=\"width: 310px\" class=\"wp-caption alignnone\"><a href=\"http:\/\/www.real.edu.ee\/ajaveeb\/146a\/files\/2019\/10\/SPORDIP\u00c4EV1.jpg\"><img loading=\"lazy\" decoding=\"async\" aria-describedby=\"caption-attachment-116\" class=\"wp-image-116 size-medium\" src=\"http:\/\/www.real.edu.ee\/ajaveeb\/146a\/files\/2019\/10\/SPORDIP\u00c4EV1-300x113.jpg\" alt=\"\" width=\"300\" height=\"113\" srcset=\"https:\/\/www.real.edu.ee\/ajaveeb\/146a\/files\/2019\/10\/SPORDIP\u00c4EV1-300x113.jpg 300w, https:\/\/www.real.edu.ee\/ajaveeb\/146a\/files\/2019\/10\/SPORDIP\u00c4EV1-768x288.jpg 768w, https:\/\/www.real.edu.ee\/ajaveeb\/146a\/files\/2019\/10\/SPORDIP\u00c4EV1-1024x384.jpg 1024w, https:\/\/www.real.edu.ee\/ajaveeb\/146a\/files\/2019\/10\/SPORDIP\u00c4EV1.jpg 2048w\" sizes=\"auto, (max-width: 300px) 100vw, 300px\" \/><\/a><p id=\"caption-attachment-116\" class=\"wp-caption-text\">T\u00fcdrukud poistele kaasa elamas<\/p><\/div>\n<p>&nbsp;<\/p>\n<p>Spordip\u00e4eva videoga saab tutvuda siit: <a href=\"https:\/\/youtu.be\/KcLLwUCEz-A\">https:\/\/youtu.be\/KcLLwUCEz-A.<\/a><\/p>\n","protected":false},"excerpt":{"rendered":"<p>KUIGI ILM OLI VIHMANE JA JAHE, SIIS SAIME TUBLISTI TEHA V\u00d5IDUJOOKSU, TEATEV\u00d5ISTLUST. Meie klassi Kristjan sai 1. klassi arvestuses jooksmises II koha. PALJU \u00d5NNE! =) Soojendus enne jooksurajale minekut Tegelikult oli v\u00f5itja see, kes vaatamata vihmasele ilmale suutis hoida oma meele positiivsena. &nbsp; Spordip\u00e4eva videoga saab tutvuda siit: https:\/\/youtu.be\/KcLLwUCEz-A.<\/p>\n","protected":false},"author":154,"featured_media":0,"comment_status":"closed","ping_status":"open","sticky":false,"template":"","format":"standard","meta":{"footnotes":""},"categories":[6],"tags":[],"class_list":["post-42","post","type-post","status-publish","format-standard","hentry","category-1-klass"],"_links":{"self":[{"href":"https:\/\/www.real.edu.ee\/ajaveeb\/146a\/wp-json\/wp\/v2\/posts\/42","targetHints":{"allow":["GET"]}}],"collection":[{"href":"https:\/\/www.real.edu.ee\/ajaveeb\/146a\/wp-json\/wp\/v2\/posts"}],"about":[{"href":"https:\/\/www.real.edu.ee\/ajaveeb\/146a\/wp-json\/wp\/v2\/types\/post"}],"author":[{"embeddable":true,"href":"https:\/\/www.real.edu.ee\/ajaveeb\/146a\/wp-json\/wp\/v2\/users\/154"}],"replies":[{"embeddable":true,"href":"https:\/\/www.real.edu.ee\/ajaveeb\/146a\/wp-json\/wp\/v2\/comments?post=42"}],"version-history":[{"count":7,"href":"https:\/\/www.real.edu.ee\/ajaveeb\/146a\/wp-json\/wp\/v2\/posts\/42\/revisions"}],"predecessor-version":[{"id":123,"href":"https:\/\/www.real.edu.ee\/ajaveeb\/146a\/wp-json\/wp\/v2\/posts\/42\/revisions\/123"}],"wp:attachment":[{"href":"https:\/\/www.real.edu.ee\/ajaveeb\/146a\/wp-json\/wp\/v2\/media?parent=42"}],"wp:term":[{"taxonomy":"category","embeddable":true,"href":"https:\/\/www.real.edu.ee\/ajaveeb\/146a\/wp-json\/wp\/v2\/categories?post=42"},{"taxonomy":"post_tag","embeddable":true,"href":"https:\/\/www.real.edu.ee\/ajaveeb\/146a\/wp-json\/wp\/v2\/tags?post=42"}],"curies":[{"name":"wp","href":"https:\/\/api.w.org\/{rel}","templated":true}]}}