{"id":976,"date":"2020-09-21T20:26:21","date_gmt":"2020-09-21T17:26:21","guid":{"rendered":"http:\/\/www.real.edu.ee\/ajaveeb\/145b\/?p=976"},"modified":"2020-09-21T20:27:25","modified_gmt":"2020-09-21T17:27:25","slug":"sojamuuseumis","status":"publish","type":"post","link":"https:\/\/www.real.edu.ee\/ajaveeb\/145b\/?p=976","title":{"rendered":"S\u00f5jamuuseumis"},"content":{"rendered":"<p>Meie oma klassiga ja 3a klassiga l\u00e4ksime Viru keskusse, kus ootas meid 1a buss. Bussiga s\u00f5itsime<br \/>\ns\u00f5jamuuseumisse.<\/p>\n<p style=\"text-align: center\"><a href=\"http:\/\/www.real.edu.ee\/ajaveeb\/145b\/files\/2020\/09\/20200915_122829-scaled.jpg\"><img loading=\"lazy\" decoding=\"async\" class=\"alignnone wp-image-980 size-medium\" src=\"http:\/\/www.real.edu.ee\/ajaveeb\/145b\/files\/2020\/09\/20200915_122829-225x300.jpg\" alt=\"\" width=\"225\" height=\"300\" srcset=\"https:\/\/www.real.edu.ee\/ajaveeb\/145b\/files\/2020\/09\/20200915_122829-225x300.jpg 225w, https:\/\/www.real.edu.ee\/ajaveeb\/145b\/files\/2020\/09\/20200915_122829-768x1024.jpg 768w, https:\/\/www.real.edu.ee\/ajaveeb\/145b\/files\/2020\/09\/20200915_122829-1152x1536.jpg 1152w, https:\/\/www.real.edu.ee\/ajaveeb\/145b\/files\/2020\/09\/20200915_122829-1536x2048.jpg 1536w, https:\/\/www.real.edu.ee\/ajaveeb\/145b\/files\/2020\/09\/20200915_122829-scaled.jpg 1920w\" sizes=\"auto, (max-width: 225px) 100vw, 225px\" \/><\/a><span style=\"background-color: #ffffff\">\u00a0<\/span><\/p>\n<p><span style=\"background-color: #ffffff\">Seal me tegime nii et 3a l\u00e4heb \u00fclesse <\/span><span style=\"background-color: #ffffff\">ja 3b j\u00e4\u00e4b alla. All korrusel n\u00e4idati meile vanu s\u00f5jar\u00f5ivaid <\/span><span style=\"background-color: #ffffff\">ja ravitsemist. P\u00e4rast seda l\u00e4ksime \u00fcles ja 3a tuli alla.\u00a0<\/span><\/p>\n<p><img loading=\"lazy\" decoding=\"async\" class=\"alignnone wp-image-982 size-medium aligncenter\" src=\"http:\/\/www.real.edu.ee\/ajaveeb\/145b\/files\/2020\/09\/20200915_104934-1-300x225.jpg\" alt=\"\" width=\"300\" height=\"225\" srcset=\"https:\/\/www.real.edu.ee\/ajaveeb\/145b\/files\/2020\/09\/20200915_104934-1-300x225.jpg 300w, https:\/\/www.real.edu.ee\/ajaveeb\/145b\/files\/2020\/09\/20200915_104934-1-1024x768.jpg 1024w, https:\/\/www.real.edu.ee\/ajaveeb\/145b\/files\/2020\/09\/20200915_104934-1-768x576.jpg 768w, https:\/\/www.real.edu.ee\/ajaveeb\/145b\/files\/2020\/09\/20200915_104934-1-1536x1152.jpg 1536w, https:\/\/www.real.edu.ee\/ajaveeb\/145b\/files\/2020\/09\/20200915_104934-1-2048x1536.jpg 2048w\" sizes=\"auto, (max-width: 300px) 100vw, 300px\" \/><\/p>\n<p><span style=\"background-color: #ffffff\">\u00dcleval n\u00e4idati meile vanu aum\u00e4rke, r\u00f5ivaid ja p\u00fcsse. Kui <\/span><span style=\"background-color: #ffffff\">me veel \u00fcks kord alla tulime, siis n\u00e4idati meile 3 inimest, <\/span><span style=\"background-color: #ffffff\">kes olid k\u00f5ik eestlased. \u00dcks eestlastest l\u00e4ks metsa varjule, <\/span><span style=\"background-color: #ffffff\">teine eestlane sai rikkaks ja s\u00f5itis Eestist \u00e4ra ja kolmas<\/span><span style=\"background-color: #ffffff\">eestlane l\u00e4ks USA-sse vangivalvuriks. Seal olid veel n\u00e4itused Esimesest Maailmas\u00f5jast ja Teisest <\/span><span style=\"background-color: #ffffff\">Maailmas\u00f5jast. Mulle meeldis seal, sest seal n\u00e4idati vanat Eestit.<\/span><\/p>\n<p><a href=\"http:\/\/www.real.edu.ee\/ajaveeb\/145b\/files\/2020\/09\/20200915_114233-scaled.jpg\"><img loading=\"lazy\" decoding=\"async\" class=\"alignnone wp-image-981 size-medium\" src=\"http:\/\/www.real.edu.ee\/ajaveeb\/145b\/files\/2020\/09\/20200915_114233-225x300.jpg\" alt=\"\" width=\"225\" height=\"300\" srcset=\"https:\/\/www.real.edu.ee\/ajaveeb\/145b\/files\/2020\/09\/20200915_114233-225x300.jpg 225w, https:\/\/www.real.edu.ee\/ajaveeb\/145b\/files\/2020\/09\/20200915_114233-768x1024.jpg 768w, https:\/\/www.real.edu.ee\/ajaveeb\/145b\/files\/2020\/09\/20200915_114233-1152x1536.jpg 1152w, https:\/\/www.real.edu.ee\/ajaveeb\/145b\/files\/2020\/09\/20200915_114233-1536x2048.jpg 1536w, https:\/\/www.real.edu.ee\/ajaveeb\/145b\/files\/2020\/09\/20200915_114233-scaled.jpg 1920w\" sizes=\"auto, (max-width: 225px) 100vw, 225px\" \/><\/a> \u00a0 \u00a0<a href=\"http:\/\/www.real.edu.ee\/ajaveeb\/145b\/files\/2020\/09\/20200915_110132-1-scaled.jpg\"><img loading=\"lazy\" decoding=\"async\" class=\"alignnone wp-image-977 size-medium\" src=\"http:\/\/www.real.edu.ee\/ajaveeb\/145b\/files\/2020\/09\/20200915_110132-1-225x300.jpg\" alt=\"\" width=\"225\" height=\"300\" srcset=\"https:\/\/www.real.edu.ee\/ajaveeb\/145b\/files\/2020\/09\/20200915_110132-1-225x300.jpg 225w, https:\/\/www.real.edu.ee\/ajaveeb\/145b\/files\/2020\/09\/20200915_110132-1-768x1024.jpg 768w, https:\/\/www.real.edu.ee\/ajaveeb\/145b\/files\/2020\/09\/20200915_110132-1-1152x1536.jpg 1152w, https:\/\/www.real.edu.ee\/ajaveeb\/145b\/files\/2020\/09\/20200915_110132-1-1536x2048.jpg 1536w, https:\/\/www.real.edu.ee\/ajaveeb\/145b\/files\/2020\/09\/20200915_110132-1-scaled.jpg 1920w\" sizes=\"auto, (max-width: 225px) 100vw, 225px\" \/><\/a><img loading=\"lazy\" decoding=\"async\" class=\"alignnone wp-image-979 size-medium\" src=\"http:\/\/www.real.edu.ee\/ajaveeb\/145b\/files\/2020\/09\/20200915_111223-225x300.jpg\" alt=\"\" width=\"225\" height=\"300\" srcset=\"https:\/\/www.real.edu.ee\/ajaveeb\/145b\/files\/2020\/09\/20200915_111223-225x300.jpg 225w, https:\/\/www.real.edu.ee\/ajaveeb\/145b\/files\/2020\/09\/20200915_111223-768x1024.jpg 768w, https:\/\/www.real.edu.ee\/ajaveeb\/145b\/files\/2020\/09\/20200915_111223-1152x1536.jpg 1152w, https:\/\/www.real.edu.ee\/ajaveeb\/145b\/files\/2020\/09\/20200915_111223-1536x2048.jpg 1536w, https:\/\/www.real.edu.ee\/ajaveeb\/145b\/files\/2020\/09\/20200915_111223-scaled.jpg 1920w\" sizes=\"auto, (max-width: 225px) 100vw, 225px\" \/><\/p>\n<p>-kirjutas Karel-Mikk<\/p>\n","protected":false},"excerpt":{"rendered":"<p>Meie oma klassiga ja 3a klassiga l\u00e4ksime Viru keskusse, kus ootas meid 1a buss. Bussiga s\u00f5itsime s\u00f5jamuuseumisse. \u00a0 Seal me tegime nii et 3a l\u00e4heb \u00fclesse ja 3b j\u00e4\u00e4b alla. All korrusel n\u00e4idati meile vanu s\u00f5jar\u00f5ivaid ja ravitsemist. P\u00e4rast seda l\u00e4ksime \u00fcles ja 3a tuli alla.\u00a0 \u00dcleval n\u00e4idati meile vanu aum\u00e4rke, r\u00f5ivaid ja p\u00fcsse. Kui [&hellip;]<\/p>\n","protected":false},"author":6,"featured_media":0,"comment_status":"open","ping_status":"open","sticky":false,"template":"","format":"standard","meta":{"footnotes":""},"categories":[11],"tags":[],"class_list":["post-976","post","type-post","status-publish","format-standard","hentry","category-3-klass"],"_links":{"self":[{"href":"https:\/\/www.real.edu.ee\/ajaveeb\/145b\/index.php?rest_route=\/wp\/v2\/posts\/976","targetHints":{"allow":["GET"]}}],"collection":[{"href":"https:\/\/www.real.edu.ee\/ajaveeb\/145b\/index.php?rest_route=\/wp\/v2\/posts"}],"about":[{"href":"https:\/\/www.real.edu.ee\/ajaveeb\/145b\/index.php?rest_route=\/wp\/v2\/types\/post"}],"author":[{"embeddable":true,"href":"https:\/\/www.real.edu.ee\/ajaveeb\/145b\/index.php?rest_route=\/wp\/v2\/users\/6"}],"replies":[{"embeddable":true,"href":"https:\/\/www.real.edu.ee\/ajaveeb\/145b\/index.php?rest_route=%2Fwp%2Fv2%2Fcomments&post=976"}],"version-history":[{"count":2,"href":"https:\/\/www.real.edu.ee\/ajaveeb\/145b\/index.php?rest_route=\/wp\/v2\/posts\/976\/revisions"}],"predecessor-version":[{"id":984,"href":"https:\/\/www.real.edu.ee\/ajaveeb\/145b\/index.php?rest_route=\/wp\/v2\/posts\/976\/revisions\/984"}],"wp:attachment":[{"href":"https:\/\/www.real.edu.ee\/ajaveeb\/145b\/index.php?rest_route=%2Fwp%2Fv2%2Fmedia&parent=976"}],"wp:term":[{"taxonomy":"category","embeddable":true,"href":"https:\/\/www.real.edu.ee\/ajaveeb\/145b\/index.php?rest_route=%2Fwp%2Fv2%2Fcategories&post=976"},{"taxonomy":"post_tag","embeddable":true,"href":"https:\/\/www.real.edu.ee\/ajaveeb\/145b\/index.php?rest_route=%2Fwp%2Fv2%2Ftags&post=976"}],"curies":[{"name":"wp","href":"https:\/\/api.w.org\/{rel}","templated":true}]}}