{"id":633,"date":"2019-11-11T11:01:38","date_gmt":"2019-11-11T09:01:38","guid":{"rendered":"http:\/\/www.real.edu.ee\/ajaveeb\/145b\/?p=633"},"modified":"2019-11-11T11:02:28","modified_gmt":"2019-11-11T09:02:28","slug":"seene-varjus","status":"publish","type":"post","link":"https:\/\/www.real.edu.ee\/ajaveeb\/145b\/?p=633","title":{"rendered":"Seene varjus!"},"content":{"rendered":"<p>K\u00e4tte oli l\u00f5puks j\u00f5udnud aeg, kus ka meie saime esitada juba eelmisel aastal n\u00e4htud etendust &#8211; Seene varjus.<\/p>\n<p>Kuna eelmisel aastal k\u00e4isid 2.klassid meile esinemas, siis paljudele tulid etenduse tekstid tuttavad ette ning kasutati n\u00e4pun\u00e4iteid, mida eelmine aasta saadi.<\/p>\n<p><a href=\"http:\/\/www.real.edu.ee\/ajaveeb\/145b\/files\/2019\/11\/20191105_110703.jpg\"><img loading=\"lazy\" decoding=\"async\" class=\"alignnone wp-image-611 size-medium\" src=\"http:\/\/www.real.edu.ee\/ajaveeb\/145b\/files\/2019\/11\/20191105_110703-300x225.jpg\" alt=\"\" width=\"300\" height=\"225\" srcset=\"https:\/\/www.real.edu.ee\/ajaveeb\/145b\/files\/2019\/11\/20191105_110703-300x225.jpg 300w, https:\/\/www.real.edu.ee\/ajaveeb\/145b\/files\/2019\/11\/20191105_110703-768x576.jpg 768w, https:\/\/www.real.edu.ee\/ajaveeb\/145b\/files\/2019\/11\/20191105_110703-1024x768.jpg 1024w\" sizes=\"auto, (max-width: 300px) 100vw, 300px\" \/><\/a> \u00a0<a href=\"http:\/\/www.real.edu.ee\/ajaveeb\/145b\/files\/2019\/11\/20191105_104115.jpg\"><img loading=\"lazy\" decoding=\"async\" class=\"alignnone wp-image-615 size-medium\" src=\"http:\/\/www.real.edu.ee\/ajaveeb\/145b\/files\/2019\/11\/20191105_104115-300x225.jpg\" alt=\"\" width=\"300\" height=\"225\" srcset=\"https:\/\/www.real.edu.ee\/ajaveeb\/145b\/files\/2019\/11\/20191105_104115-300x225.jpg 300w, https:\/\/www.real.edu.ee\/ajaveeb\/145b\/files\/2019\/11\/20191105_104115-768x576.jpg 768w, https:\/\/www.real.edu.ee\/ajaveeb\/145b\/files\/2019\/11\/20191105_104115-1024x768.jpg 1024w\" sizes=\"auto, (max-width: 300px) 100vw, 300px\" \/><\/a> <a href=\"http:\/\/www.real.edu.ee\/ajaveeb\/145b\/files\/2019\/11\/20191105_105325.jpg\"><img loading=\"lazy\" decoding=\"async\" class=\"alignnone wp-image-614 size-medium\" src=\"http:\/\/www.real.edu.ee\/ajaveeb\/145b\/files\/2019\/11\/20191105_105325-300x225.jpg\" alt=\"\" width=\"300\" height=\"225\" srcset=\"https:\/\/www.real.edu.ee\/ajaveeb\/145b\/files\/2019\/11\/20191105_105325-300x225.jpg 300w, https:\/\/www.real.edu.ee\/ajaveeb\/145b\/files\/2019\/11\/20191105_105325-768x576.jpg 768w, https:\/\/www.real.edu.ee\/ajaveeb\/145b\/files\/2019\/11\/20191105_105325-1024x768.jpg 1024w\" sizes=\"auto, (max-width: 300px) 100vw, 300px\" \/><\/a> <a href=\"http:\/\/www.real.edu.ee\/ajaveeb\/145b\/files\/2019\/11\/20191105_110312.jpg\"><img loading=\"lazy\" decoding=\"async\" class=\"alignnone wp-image-613 size-medium\" src=\"http:\/\/www.real.edu.ee\/ajaveeb\/145b\/files\/2019\/11\/20191105_110312-300x225.jpg\" alt=\"\" width=\"300\" height=\"225\" srcset=\"https:\/\/www.real.edu.ee\/ajaveeb\/145b\/files\/2019\/11\/20191105_110312-300x225.jpg 300w, https:\/\/www.real.edu.ee\/ajaveeb\/145b\/files\/2019\/11\/20191105_110312-768x576.jpg 768w, https:\/\/www.real.edu.ee\/ajaveeb\/145b\/files\/2019\/11\/20191105_110312-1024x768.jpg 1024w\" sizes=\"auto, (max-width: 300px) 100vw, 300px\" \/><\/a><\/p>\n<p>Esineda saadi \u00fcsna palju, v\u00e4hemalt 2 v\u00f5\u00f5rale klassile ja mitu korda oma klassile. Tundus, et n\u00e4itlejaid on meil palju tulemas &#8211; k\u00f5ik tahtsid veel ja veel esineda.<\/p>\n<p>N\u00fc\u00fcd j\u00e4\u00e4me ootama, millal j\u00e4rgmised 2. klassid meile esinema tulevad.<\/p>\n<p>H\u00e4sti tore oli ka see, et k\u00f5ik oma kost\u00fc\u00fcmide ja osadega vaeva n\u00e4gid &#8211; terve klassi peale polnud \u00fchtegi last, kel oma osa peas poleks olnud.<\/p>\n","protected":false},"excerpt":{"rendered":"<p>K\u00e4tte oli l\u00f5puks j\u00f5udnud aeg, kus ka meie saime esitada juba eelmisel aastal n\u00e4htud etendust &#8211; Seene varjus. Kuna eelmisel aastal k\u00e4isid 2.klassid meile esinemas, siis paljudele tulid etenduse tekstid tuttavad ette ning kasutati n\u00e4pun\u00e4iteid, mida eelmine aasta saadi. \u00a0 Esineda saadi \u00fcsna palju, v\u00e4hemalt 2 v\u00f5\u00f5rale klassile ja mitu korda oma klassile. Tundus, et [&hellip;]<\/p>\n","protected":false},"author":6,"featured_media":0,"comment_status":"open","ping_status":"open","sticky":false,"template":"","format":"standard","meta":{"footnotes":""},"categories":[8],"tags":[],"class_list":["post-633","post","type-post","status-publish","format-standard","hentry","category-2-klass"],"_links":{"self":[{"href":"https:\/\/www.real.edu.ee\/ajaveeb\/145b\/index.php?rest_route=\/wp\/v2\/posts\/633","targetHints":{"allow":["GET"]}}],"collection":[{"href":"https:\/\/www.real.edu.ee\/ajaveeb\/145b\/index.php?rest_route=\/wp\/v2\/posts"}],"about":[{"href":"https:\/\/www.real.edu.ee\/ajaveeb\/145b\/index.php?rest_route=\/wp\/v2\/types\/post"}],"author":[{"embeddable":true,"href":"https:\/\/www.real.edu.ee\/ajaveeb\/145b\/index.php?rest_route=\/wp\/v2\/users\/6"}],"replies":[{"embeddable":true,"href":"https:\/\/www.real.edu.ee\/ajaveeb\/145b\/index.php?rest_route=%2Fwp%2Fv2%2Fcomments&post=633"}],"version-history":[{"count":2,"href":"https:\/\/www.real.edu.ee\/ajaveeb\/145b\/index.php?rest_route=\/wp\/v2\/posts\/633\/revisions"}],"predecessor-version":[{"id":635,"href":"https:\/\/www.real.edu.ee\/ajaveeb\/145b\/index.php?rest_route=\/wp\/v2\/posts\/633\/revisions\/635"}],"wp:attachment":[{"href":"https:\/\/www.real.edu.ee\/ajaveeb\/145b\/index.php?rest_route=%2Fwp%2Fv2%2Fmedia&parent=633"}],"wp:term":[{"taxonomy":"category","embeddable":true,"href":"https:\/\/www.real.edu.ee\/ajaveeb\/145b\/index.php?rest_route=%2Fwp%2Fv2%2Fcategories&post=633"},{"taxonomy":"post_tag","embeddable":true,"href":"https:\/\/www.real.edu.ee\/ajaveeb\/145b\/index.php?rest_route=%2Fwp%2Fv2%2Ftags&post=633"}],"curies":[{"name":"wp","href":"https:\/\/api.w.org\/{rel}","templated":true}]}}