{"id":934,"date":"2022-04-22T20:34:37","date_gmt":"2022-04-22T17:34:37","guid":{"rendered":"https:\/\/www.real.edu.ee\/ajaveeb\/145a\/?p=934"},"modified":"2022-04-22T20:38:44","modified_gmt":"2022-04-22T17:38:44","slug":"joululaat-2","status":"publish","type":"post","link":"https:\/\/www.real.edu.ee\/ajaveeb\/145a\/2022\/04\/22\/joululaat-2\/","title":{"rendered":"J\u00f5ululaat"},"content":{"rendered":"<p>J\u00f5ululaat\u00a0oli v\u00e4ga tore, kuid oli p\u00e4ris k\u00fclm ilm. K\u00f5ik m\u00fc\u00fcsid \u00e4gedaid tooteid, n\u00e4iteks Jens m\u00fc\u00fcs helkureid ja Lennart toredaid p\u00e4kapikke. P\u00e4rast j\u00f5ululaata oli ka j\u00e4relm\u00fc\u00fck, kus sai oma alles j\u00e4\u00e4nud asju m\u00fc\u00fca. Laadal k\u00e4is peaaegu\u00a0terve kool. Laadal k\u00e4is ka direktor. Me tegime ka \u00e4gedad plakatid. Mina m\u00fc\u00fcsin Reaalkooli logoga helkurkangast m\u00e4rke.<\/p>\n<p>Konrad Kaarma<\/p>\n","protected":false},"excerpt":{"rendered":"<p>J\u00f5ululaat\u00a0oli v\u00e4ga tore, kuid oli p\u00e4ris k\u00fclm ilm. K\u00f5ik m\u00fc\u00fcsid \u00e4gedaid tooteid, n\u00e4iteks Jens m\u00fc\u00fcs helkureid ja Lennart toredaid p\u00e4kapikke. P\u00e4rast j\u00f5ululaata oli ka j\u00e4relm\u00fc\u00fck, kus sai oma alles j\u00e4\u00e4nud asju m\u00fc\u00fca. Laadal k\u00e4is peaaegu\u00a0terve kool. Laadal k\u00e4is ka direktor. Me tegime ka \u00e4gedad plakatid. Mina m\u00fc\u00fcsin Reaalkooli logoga helkurkangast m\u00e4rke. Konrad Kaarma<\/p>\n","protected":false},"author":189,"featured_media":0,"comment_status":"closed","ping_status":"open","sticky":false,"template":"","format":"standard","meta":{"footnotes":""},"categories":[1],"tags":[],"class_list":["post-934","post","type-post","status-publish","format-standard","hentry","category-maaratlemata"],"_links":{"self":[{"href":"https:\/\/www.real.edu.ee\/ajaveeb\/145a\/wp-json\/wp\/v2\/posts\/934","targetHints":{"allow":["GET"]}}],"collection":[{"href":"https:\/\/www.real.edu.ee\/ajaveeb\/145a\/wp-json\/wp\/v2\/posts"}],"about":[{"href":"https:\/\/www.real.edu.ee\/ajaveeb\/145a\/wp-json\/wp\/v2\/types\/post"}],"author":[{"embeddable":true,"href":"https:\/\/www.real.edu.ee\/ajaveeb\/145a\/wp-json\/wp\/v2\/users\/189"}],"replies":[{"embeddable":true,"href":"https:\/\/www.real.edu.ee\/ajaveeb\/145a\/wp-json\/wp\/v2\/comments?post=934"}],"version-history":[{"count":3,"href":"https:\/\/www.real.edu.ee\/ajaveeb\/145a\/wp-json\/wp\/v2\/posts\/934\/revisions"}],"predecessor-version":[{"id":939,"href":"https:\/\/www.real.edu.ee\/ajaveeb\/145a\/wp-json\/wp\/v2\/posts\/934\/revisions\/939"}],"wp:attachment":[{"href":"https:\/\/www.real.edu.ee\/ajaveeb\/145a\/wp-json\/wp\/v2\/media?parent=934"}],"wp:term":[{"taxonomy":"category","embeddable":true,"href":"https:\/\/www.real.edu.ee\/ajaveeb\/145a\/wp-json\/wp\/v2\/categories?post=934"},{"taxonomy":"post_tag","embeddable":true,"href":"https:\/\/www.real.edu.ee\/ajaveeb\/145a\/wp-json\/wp\/v2\/tags?post=934"}],"curies":[{"name":"wp","href":"https:\/\/api.w.org\/{rel}","templated":true}]}}