{"id":188,"date":"2019-02-22T22:12:15","date_gmt":"2019-02-22T20:12:15","guid":{"rendered":"http:\/\/www.real.edu.ee\/ajaveeb\/145a\/?p=188"},"modified":"2019-03-29T22:43:06","modified_gmt":"2019-03-29T20:43:06","slug":"kolmanda-perioodi-lopp","status":"publish","type":"post","link":"https:\/\/www.real.edu.ee\/ajaveeb\/145a\/2019\/02\/22\/kolmanda-perioodi-lopp\/","title":{"rendered":"Kolmanda perioodi l\u00f5pp"},"content":{"rendered":"<p>Kolmas periood l\u00f5ppes eriti pidulikult, sest koos sellega t\u00e4histasime ka Eesti Vabariigi 101. aastap\u00e4eva. Pidulikul aktusel kuulasime k\u00f5nesid 3. klassi \u00f5pilaselt, 9. klassi \u00f5pilaselt ja direktorilt.\u00a0 3. klassi \u00f5pilased lugesid enda kirjutatud luuletusi ning mudilaskoor laulis. H\u00fcmni laulsime meie ka.<\/p>\n<p>Sel p\u00e4eval andsid lapsed ise tunde, kus nad tutvustasid oma hobisid v\u00f5i muud huvitavat. 4. klasside \u00f5pilased tutvustasid ettekannetega Eesti ajalugu.<\/p>\n<p>P\u00e4ev l\u00f5ppes viktoriiniga Eesti Vabariigi kohta, kus k\u00f5ik nelja 1. klasside \u00f5pilased olid segav\u00f5istkondades. \u00d5nneks oli viktoriin lihtne, selgitati v\u00e4lja ka v\u00f5itja v\u00f5istkond, kuid kaotajaid ei olnud.<\/p>\n<p><img loading=\"lazy\" decoding=\"async\" class=\"alignnone size-thumbnail wp-image-186\" src=\"http:\/\/www.real.edu.ee\/ajaveeb\/145a\/files\/2018\/12\/IMG_20190222_121128-150x150.jpg\" alt=\"\" width=\"150\" height=\"150\" \/> <img loading=\"lazy\" decoding=\"async\" class=\"alignnone size-thumbnail wp-image-185\" src=\"http:\/\/www.real.edu.ee\/ajaveeb\/145a\/files\/2018\/12\/IMG_20190222_095800-150x150.jpg\" alt=\"\" width=\"150\" height=\"150\" \/> <img loading=\"lazy\" decoding=\"async\" class=\"alignnone size-thumbnail wp-image-184\" src=\"http:\/\/www.real.edu.ee\/ajaveeb\/145a\/files\/2018\/12\/IMG_20190222_090128-150x150.jpg\" alt=\"\" width=\"150\" height=\"150\" \/><\/p>\n","protected":false},"excerpt":{"rendered":"<p>Kolmas periood l\u00f5ppes eriti pidulikult, sest koos sellega t\u00e4histasime ka Eesti Vabariigi 101. aastap\u00e4eva. Pidulikul aktusel kuulasime k\u00f5nesid 3. klassi \u00f5pilaselt, 9. klassi \u00f5pilaselt ja direktorilt.\u00a0 3. klassi \u00f5pilased lugesid enda kirjutatud luuletusi ning mudilaskoor laulis. H\u00fcmni laulsime meie ka. Sel p\u00e4eval andsid lapsed ise tunde, kus nad tutvustasid oma hobisid v\u00f5i muud huvitavat. 4. [&hellip;]<\/p>\n","protected":false},"author":7,"featured_media":0,"comment_status":"closed","ping_status":"open","sticky":false,"template":"","format":"standard","meta":{"footnotes":""},"categories":[5],"tags":[],"class_list":["post-188","post","type-post","status-publish","format-standard","hentry","category-kooli-uritused"],"_links":{"self":[{"href":"https:\/\/www.real.edu.ee\/ajaveeb\/145a\/wp-json\/wp\/v2\/posts\/188","targetHints":{"allow":["GET"]}}],"collection":[{"href":"https:\/\/www.real.edu.ee\/ajaveeb\/145a\/wp-json\/wp\/v2\/posts"}],"about":[{"href":"https:\/\/www.real.edu.ee\/ajaveeb\/145a\/wp-json\/wp\/v2\/types\/post"}],"author":[{"embeddable":true,"href":"https:\/\/www.real.edu.ee\/ajaveeb\/145a\/wp-json\/wp\/v2\/users\/7"}],"replies":[{"embeddable":true,"href":"https:\/\/www.real.edu.ee\/ajaveeb\/145a\/wp-json\/wp\/v2\/comments?post=188"}],"version-history":[{"count":1,"href":"https:\/\/www.real.edu.ee\/ajaveeb\/145a\/wp-json\/wp\/v2\/posts\/188\/revisions"}],"predecessor-version":[{"id":189,"href":"https:\/\/www.real.edu.ee\/ajaveeb\/145a\/wp-json\/wp\/v2\/posts\/188\/revisions\/189"}],"wp:attachment":[{"href":"https:\/\/www.real.edu.ee\/ajaveeb\/145a\/wp-json\/wp\/v2\/media?parent=188"}],"wp:term":[{"taxonomy":"category","embeddable":true,"href":"https:\/\/www.real.edu.ee\/ajaveeb\/145a\/wp-json\/wp\/v2\/categories?post=188"},{"taxonomy":"post_tag","embeddable":true,"href":"https:\/\/www.real.edu.ee\/ajaveeb\/145a\/wp-json\/wp\/v2\/tags?post=188"}],"curies":[{"name":"wp","href":"https:\/\/api.w.org\/{rel}","templated":true}]}}