{"id":1729,"date":"2024-02-20T09:09:25","date_gmt":"2024-02-20T07:09:25","guid":{"rendered":"https:\/\/www.real.edu.ee\/ajaveeb\/145a\/?p=1729"},"modified":"2024-03-19T21:23:21","modified_gmt":"2024-03-19T19:23:21","slug":"eesti-vabariigi-aastapaeva-viktoriin","status":"publish","type":"post","link":"https:\/\/www.real.edu.ee\/ajaveeb\/145a\/2024\/02\/20\/eesti-vabariigi-aastapaeva-viktoriin\/","title":{"rendered":"Eesti Vabariigi aastap\u00e4eva viktoriin"},"content":{"rendered":"<p style=\"text-align: justify\"><span style=\"font-weight: 400\">20. veebruaril esimese tunni ajal seoses tuleneva Eesti Vabariigi s\u00fcnnip\u00e4evaga toimus Reaalkoolis traditsiooniline viktoriin Eesti Vabariigi kohta. Meie klass osales 4.-6. klasside arvestuse, kus igast klassist saadeti viis esindajat. Meie klassist valiti klassi esindama viktoriinil Anita, Nele, Konrad, William ja Hardi. Viktoriini olid teinud vanemate klasside \u00f5pilased, kes ka viisid seda l\u00e4bi ja vastuseid kontrollis meie ajaloo\u00f5petaja Heli Ahuna. V\u00f5istlusel pandi proovile \u00f5pilaste teadmisi nii Reaalkooli ajaloos, Eesti Vabariigi ajaloos kui ka Eestis olevate m\u00e4lestusm\u00e4rkidega ja \u00fcldiselt Eesti elus toimunuga. K\u00fcsimused ei olnud kerged, kuid l\u00f5pptulemus oli meie klassis v\u00e4ga positiivne, sest viktoriini hooaja v\u00f5tjateks tuli r\u00f5\u00f5mustavalt just meie klass, sest olime sellel ja eelnevatel viktoriinidel kokku saanud parima punktisumma. Kuid r\u00f5\u00f5mustamiseks polnud palju aega, sest pidime kohe suunduma talvisele r\u00e4\u00e4tsmatkale Rummu rappa.<\/span><\/p>\n<p>Tekst Anita Uussalu<\/p>\n<p>Pildid Anita Uussalu<\/p>\n<p><img loading=\"lazy\" decoding=\"async\" class=\"alignnone size-medium wp-image-1730\" src=\"http:\/\/www.real.edu.ee\/ajaveeb\/145a\/files\/2024\/03\/IMG_8866-300x225.jpg\" alt=\"\" width=\"300\" height=\"225\" srcset=\"https:\/\/www.real.edu.ee\/ajaveeb\/145a\/files\/2024\/03\/IMG_8866-300x225.jpg 300w, https:\/\/www.real.edu.ee\/ajaveeb\/145a\/files\/2024\/03\/IMG_8866-1024x768.jpg 1024w, https:\/\/www.real.edu.ee\/ajaveeb\/145a\/files\/2024\/03\/IMG_8866-768x576.jpg 768w, https:\/\/www.real.edu.ee\/ajaveeb\/145a\/files\/2024\/03\/IMG_8866-1536x1152.jpg 1536w, https:\/\/www.real.edu.ee\/ajaveeb\/145a\/files\/2024\/03\/IMG_8866-2048x1536.jpg 2048w\" sizes=\"auto, (max-width: 300px) 100vw, 300px\" \/> <img loading=\"lazy\" decoding=\"async\" class=\"alignnone size-medium wp-image-1731\" src=\"http:\/\/www.real.edu.ee\/ajaveeb\/145a\/files\/2024\/03\/IMG_8864-300x225.jpg\" alt=\"\" width=\"300\" height=\"225\" srcset=\"https:\/\/www.real.edu.ee\/ajaveeb\/145a\/files\/2024\/03\/IMG_8864-300x225.jpg 300w, https:\/\/www.real.edu.ee\/ajaveeb\/145a\/files\/2024\/03\/IMG_8864-1024x768.jpg 1024w, https:\/\/www.real.edu.ee\/ajaveeb\/145a\/files\/2024\/03\/IMG_8864-768x576.jpg 768w, https:\/\/www.real.edu.ee\/ajaveeb\/145a\/files\/2024\/03\/IMG_8864-1536x1152.jpg 1536w, https:\/\/www.real.edu.ee\/ajaveeb\/145a\/files\/2024\/03\/IMG_8864-2048x1536.jpg 2048w\" sizes=\"auto, (max-width: 300px) 100vw, 300px\" \/><\/p>\n","protected":false},"excerpt":{"rendered":"<p>20. veebruaril esimese tunni ajal seoses tuleneva Eesti Vabariigi s\u00fcnnip\u00e4evaga toimus Reaalkoolis traditsiooniline viktoriin Eesti Vabariigi kohta. Meie klass osales 4.-6. klasside arvestuse, kus igast klassist saadeti viis esindajat. Meie klassist valiti klassi esindama viktoriinil Anita, Nele, Konrad, William ja Hardi. Viktoriini olid teinud vanemate klasside \u00f5pilased, kes ka viisid seda l\u00e4bi ja vastuseid kontrollis [&hellip;]<\/p>\n","protected":false},"author":189,"featured_media":0,"comment_status":"closed","ping_status":"open","sticky":false,"template":"","format":"standard","meta":{"footnotes":""},"categories":[10],"tags":[],"class_list":["post-1729","post","type-post","status-publish","format-standard","hentry","category-viktoriinid-ja-voistlused"],"_links":{"self":[{"href":"https:\/\/www.real.edu.ee\/ajaveeb\/145a\/wp-json\/wp\/v2\/posts\/1729","targetHints":{"allow":["GET"]}}],"collection":[{"href":"https:\/\/www.real.edu.ee\/ajaveeb\/145a\/wp-json\/wp\/v2\/posts"}],"about":[{"href":"https:\/\/www.real.edu.ee\/ajaveeb\/145a\/wp-json\/wp\/v2\/types\/post"}],"author":[{"embeddable":true,"href":"https:\/\/www.real.edu.ee\/ajaveeb\/145a\/wp-json\/wp\/v2\/users\/189"}],"replies":[{"embeddable":true,"href":"https:\/\/www.real.edu.ee\/ajaveeb\/145a\/wp-json\/wp\/v2\/comments?post=1729"}],"version-history":[{"count":2,"href":"https:\/\/www.real.edu.ee\/ajaveeb\/145a\/wp-json\/wp\/v2\/posts\/1729\/revisions"}],"predecessor-version":[{"id":1735,"href":"https:\/\/www.real.edu.ee\/ajaveeb\/145a\/wp-json\/wp\/v2\/posts\/1729\/revisions\/1735"}],"wp:attachment":[{"href":"https:\/\/www.real.edu.ee\/ajaveeb\/145a\/wp-json\/wp\/v2\/media?parent=1729"}],"wp:term":[{"taxonomy":"category","embeddable":true,"href":"https:\/\/www.real.edu.ee\/ajaveeb\/145a\/wp-json\/wp\/v2\/categories?post=1729"},{"taxonomy":"post_tag","embeddable":true,"href":"https:\/\/www.real.edu.ee\/ajaveeb\/145a\/wp-json\/wp\/v2\/tags?post=1729"}],"curies":[{"name":"wp","href":"https:\/\/api.w.org\/{rel}","templated":true}]}}