{"id":1663,"date":"2024-02-14T20:33:01","date_gmt":"2024-02-14T18:33:01","guid":{"rendered":"https:\/\/www.real.edu.ee\/ajaveeb\/145a\/?p=1663"},"modified":"2024-05-13T20:34:54","modified_gmt":"2024-05-13T17:34:54","slug":"sotsiaalreklaamid","status":"publish","type":"post","link":"https:\/\/www.real.edu.ee\/ajaveeb\/145a\/2024\/02\/14\/sotsiaalreklaamid\/","title":{"rendered":"Sotsiaalreklaamid"},"content":{"rendered":"<p>See aasta katsetatakse uut valiktundi ning meie oleme esimene lend, kellel on selline v\u00f5imalus, seega on meil \u00fche B-v\u00f5\u00f5rkeele asemel valik tunnid, kus juhtub palju uut ja p\u00f5nevat. \u00dcks valik tundidest on meedia. Meedia tunnis \u00f5pitakse reklaamidest, raadiojaamadest, telekanalitest ja paljudest muudest meedia v\u00e4ljundidest. Meedia tunnis on plaan k\u00e4ia mitmetes telemajades ja sarnastes kohtades, aga seekord 14. veebruaril, s\u00f5brap\u00e4eval\u00a0 k\u00e4is meil tunnis\u00a0 \u00fcllatusk\u00fclaline Maria, kes r\u00e4\u00e4kis meile l\u00e4hemalt sotsiaalreklaamidest ja nende m\u00f5jutamis v\u00f5tetest. Ta on meie kooli\u00f5de g\u00fcmnasiumist 11.c klassist, kes tegi oma uurimist\u00f6\u00f6 sotsiaalreklaamide kohta. Tunnis oleme juba reklaamidest, mitu korda r\u00e4\u00e4kinud, kuid Maria r\u00e4\u00e4kis meile palju detailsemalt erinevatest m\u00f5jutamisv\u00f5tetest ja me saime palju uusi asju teada ning n\u00fc\u00fcd oskame tuua ka v\u00e4lja erinevaid m\u00f5jutamisv\u00f5tteid erinevates reklaamides. Lisaks saime veel teade v\u00e4rvips\u00fchholoogiast, mis oli v\u00e4ga huvitav teema. Tunni l\u00f5puks tegime natuke praktilist t\u00f6\u00f6d ja vaatasime koos reklaame ning t\u00f5ime v\u00e4lja nende m\u00f5jutusv\u00f5tted. Tund oli v\u00e4ga \u00f5petlik ja tore.<\/p>\n<p>Tekst Anni Vili<\/p>\n<p>Pildid Anita Uussalu<\/p>\n<p><img loading=\"lazy\" decoding=\"async\" class=\"alignnone size-medium wp-image-1664\" src=\"http:\/\/www.real.edu.ee\/ajaveeb\/145a\/files\/2024\/02\/IMG_8821-300x225.jpg\" alt=\"\" width=\"300\" height=\"225\" srcset=\"https:\/\/www.real.edu.ee\/ajaveeb\/145a\/files\/2024\/02\/IMG_8821-300x225.jpg 300w, https:\/\/www.real.edu.ee\/ajaveeb\/145a\/files\/2024\/02\/IMG_8821-1024x768.jpg 1024w, https:\/\/www.real.edu.ee\/ajaveeb\/145a\/files\/2024\/02\/IMG_8821-768x576.jpg 768w, https:\/\/www.real.edu.ee\/ajaveeb\/145a\/files\/2024\/02\/IMG_8821-1536x1152.jpg 1536w, https:\/\/www.real.edu.ee\/ajaveeb\/145a\/files\/2024\/02\/IMG_8821-2048x1536.jpg 2048w\" sizes=\"auto, (max-width: 300px) 100vw, 300px\" \/> <img loading=\"lazy\" decoding=\"async\" class=\"alignnone size-medium wp-image-1665\" src=\"http:\/\/www.real.edu.ee\/ajaveeb\/145a\/files\/2024\/02\/IMG_8820-300x225.jpg\" alt=\"\" width=\"300\" height=\"225\" srcset=\"https:\/\/www.real.edu.ee\/ajaveeb\/145a\/files\/2024\/02\/IMG_8820-300x225.jpg 300w, https:\/\/www.real.edu.ee\/ajaveeb\/145a\/files\/2024\/02\/IMG_8820-1024x768.jpg 1024w, https:\/\/www.real.edu.ee\/ajaveeb\/145a\/files\/2024\/02\/IMG_8820-768x576.jpg 768w, https:\/\/www.real.edu.ee\/ajaveeb\/145a\/files\/2024\/02\/IMG_8820-1536x1152.jpg 1536w, https:\/\/www.real.edu.ee\/ajaveeb\/145a\/files\/2024\/02\/IMG_8820-2048x1536.jpg 2048w\" sizes=\"auto, (max-width: 300px) 100vw, 300px\" \/> <img loading=\"lazy\" decoding=\"async\" class=\"alignnone size-medium wp-image-1666\" src=\"http:\/\/www.real.edu.ee\/ajaveeb\/145a\/files\/2024\/02\/IMG_8822-300x225.jpg\" alt=\"\" width=\"300\" height=\"225\" srcset=\"https:\/\/www.real.edu.ee\/ajaveeb\/145a\/files\/2024\/02\/IMG_8822-300x225.jpg 300w, https:\/\/www.real.edu.ee\/ajaveeb\/145a\/files\/2024\/02\/IMG_8822-1024x768.jpg 1024w, https:\/\/www.real.edu.ee\/ajaveeb\/145a\/files\/2024\/02\/IMG_8822-768x576.jpg 768w, https:\/\/www.real.edu.ee\/ajaveeb\/145a\/files\/2024\/02\/IMG_8822-1536x1152.jpg 1536w, https:\/\/www.real.edu.ee\/ajaveeb\/145a\/files\/2024\/02\/IMG_8822-2048x1536.jpg 2048w\" sizes=\"auto, (max-width: 300px) 100vw, 300px\" \/><\/p>\n","protected":false},"excerpt":{"rendered":"<p>See aasta katsetatakse uut valiktundi ning meie oleme esimene lend, kellel on selline v\u00f5imalus, seega on meil \u00fche B-v\u00f5\u00f5rkeele asemel valik tunnid, kus juhtub palju uut ja p\u00f5nevat. \u00dcks valik tundidest on meedia. Meedia tunnis \u00f5pitakse reklaamidest, raadiojaamadest, telekanalitest ja paljudest muudest meedia v\u00e4ljundidest. Meedia tunnis on plaan k\u00e4ia mitmetes telemajades ja sarnastes kohtades, aga [&hellip;]<\/p>\n","protected":false},"author":189,"featured_media":0,"comment_status":"closed","ping_status":"open","sticky":false,"template":"","format":"standard","meta":{"footnotes":""},"categories":[8],"tags":[],"class_list":["post-1663","post","type-post","status-publish","format-standard","hentry","category-valiktunni-uritused"],"_links":{"self":[{"href":"https:\/\/www.real.edu.ee\/ajaveeb\/145a\/wp-json\/wp\/v2\/posts\/1663","targetHints":{"allow":["GET"]}}],"collection":[{"href":"https:\/\/www.real.edu.ee\/ajaveeb\/145a\/wp-json\/wp\/v2\/posts"}],"about":[{"href":"https:\/\/www.real.edu.ee\/ajaveeb\/145a\/wp-json\/wp\/v2\/types\/post"}],"author":[{"embeddable":true,"href":"https:\/\/www.real.edu.ee\/ajaveeb\/145a\/wp-json\/wp\/v2\/users\/189"}],"replies":[{"embeddable":true,"href":"https:\/\/www.real.edu.ee\/ajaveeb\/145a\/wp-json\/wp\/v2\/comments?post=1663"}],"version-history":[{"count":1,"href":"https:\/\/www.real.edu.ee\/ajaveeb\/145a\/wp-json\/wp\/v2\/posts\/1663\/revisions"}],"predecessor-version":[{"id":1667,"href":"https:\/\/www.real.edu.ee\/ajaveeb\/145a\/wp-json\/wp\/v2\/posts\/1663\/revisions\/1667"}],"wp:attachment":[{"href":"https:\/\/www.real.edu.ee\/ajaveeb\/145a\/wp-json\/wp\/v2\/media?parent=1663"}],"wp:term":[{"taxonomy":"category","embeddable":true,"href":"https:\/\/www.real.edu.ee\/ajaveeb\/145a\/wp-json\/wp\/v2\/categories?post=1663"},{"taxonomy":"post_tag","embeddable":true,"href":"https:\/\/www.real.edu.ee\/ajaveeb\/145a\/wp-json\/wp\/v2\/tags?post=1663"}],"curies":[{"name":"wp","href":"https:\/\/api.w.org\/{rel}","templated":true}]}}