{"id":1514,"date":"2023-10-04T13:01:31","date_gmt":"2023-10-04T10:01:31","guid":{"rendered":"https:\/\/www.real.edu.ee\/ajaveeb\/145a\/?p=1514"},"modified":"2024-02-22T17:58:51","modified_gmt":"2024-02-22T15:58:51","slug":"jooksu-voistlus","status":"publish","type":"post","link":"https:\/\/www.real.edu.ee\/ajaveeb\/145a\/2023\/10\/04\/jooksu-voistlus\/","title":{"rendered":"Jooksu v\u00f5istlus"},"content":{"rendered":"<p style=\"text-align: justify\">4. Oktoobril toimus koolidevaheline teatejooksu v\u00f5istlus J\u00e4rve metsas. Meie klassist l\u00e4ks sinna kaks \u00f5pilast Mia Liinsoo ja Mia Miriam Januson ning 4 \u00f5pilast 7.klassist. Me hakkasime koos seitsmendikega koolist minema kell 11:00 ning j\u00f5udsime kohale tund aega varem enne meie jooksu. Selle aja jooksul tegime sooja, k\u00f5ndisime jooksuraja l\u00e4bi ning vaatasime, kuidas teised klassid jooksevad. L\u00f5puks kui meie kord k\u00e4tte j\u00f5udis l\u00e4ks esimene jooksja valmis ning kui lehvis lipp hakkasid k\u00f5ik jooksma. Kui oli esimene alustanud l\u00e4ks juba teine valmis ja kui esimene j\u00f5udis teise jooksjani andis talle teatepulga ning teine hakkas jooksma ja nii edasi kuni viimane jooksja l\u00f5petas. Kahjuks meie tiim poodiumile ei saanud, kuid l\u00f5bus oli osa v\u00f5tta ikka. P\u00e4rast v\u00f5istlust oli koolip\u00e4ev osadel juba l\u00f5ppenud ning said rahulikult koju minna.<\/p>\n<p>Tekst Mia Miriam Januson<\/p>\n<p>Pilt Mia Miriam Januson<\/p>\n<p><img loading=\"lazy\" decoding=\"async\" class=\"alignnone size-medium wp-image-1518\" src=\"http:\/\/www.real.edu.ee\/ajaveeb\/145a\/files\/2023\/10\/jooksu-voistlus-2023-6-kl-anita-169x300.jpg\" alt=\"\" width=\"169\" height=\"300\" srcset=\"https:\/\/www.real.edu.ee\/ajaveeb\/145a\/files\/2023\/10\/jooksu-voistlus-2023-6-kl-anita-169x300.jpg 169w, https:\/\/www.real.edu.ee\/ajaveeb\/145a\/files\/2023\/10\/jooksu-voistlus-2023-6-kl-anita.jpg 304w\" sizes=\"auto, (max-width: 169px) 100vw, 169px\" \/><\/p>\n","protected":false},"excerpt":{"rendered":"<p>4. Oktoobril toimus koolidevaheline teatejooksu v\u00f5istlus J\u00e4rve metsas. Meie klassist l\u00e4ks sinna kaks \u00f5pilast Mia Liinsoo ja Mia Miriam Januson ning 4 \u00f5pilast 7.klassist. Me hakkasime koos seitsmendikega koolist minema kell 11:00 ning j\u00f5udsime kohale tund aega varem enne meie jooksu. Selle aja jooksul tegime sooja, k\u00f5ndisime jooksuraja l\u00e4bi ning vaatasime, kuidas teised klassid jooksevad. [&hellip;]<\/p>\n","protected":false},"author":189,"featured_media":0,"comment_status":"closed","ping_status":"open","sticky":false,"template":"","format":"standard","meta":{"footnotes":""},"categories":[10],"tags":[],"class_list":["post-1514","post","type-post","status-publish","format-standard","hentry","category-viktoriinid-ja-voistlused"],"_links":{"self":[{"href":"https:\/\/www.real.edu.ee\/ajaveeb\/145a\/wp-json\/wp\/v2\/posts\/1514","targetHints":{"allow":["GET"]}}],"collection":[{"href":"https:\/\/www.real.edu.ee\/ajaveeb\/145a\/wp-json\/wp\/v2\/posts"}],"about":[{"href":"https:\/\/www.real.edu.ee\/ajaveeb\/145a\/wp-json\/wp\/v2\/types\/post"}],"author":[{"embeddable":true,"href":"https:\/\/www.real.edu.ee\/ajaveeb\/145a\/wp-json\/wp\/v2\/users\/189"}],"replies":[{"embeddable":true,"href":"https:\/\/www.real.edu.ee\/ajaveeb\/145a\/wp-json\/wp\/v2\/comments?post=1514"}],"version-history":[{"count":3,"href":"https:\/\/www.real.edu.ee\/ajaveeb\/145a\/wp-json\/wp\/v2\/posts\/1514\/revisions"}],"predecessor-version":[{"id":1519,"href":"https:\/\/www.real.edu.ee\/ajaveeb\/145a\/wp-json\/wp\/v2\/posts\/1514\/revisions\/1519"}],"wp:attachment":[{"href":"https:\/\/www.real.edu.ee\/ajaveeb\/145a\/wp-json\/wp\/v2\/media?parent=1514"}],"wp:term":[{"taxonomy":"category","embeddable":true,"href":"https:\/\/www.real.edu.ee\/ajaveeb\/145a\/wp-json\/wp\/v2\/categories?post=1514"},{"taxonomy":"post_tag","embeddable":true,"href":"https:\/\/www.real.edu.ee\/ajaveeb\/145a\/wp-json\/wp\/v2\/tags?post=1514"}],"curies":[{"name":"wp","href":"https:\/\/api.w.org\/{rel}","templated":true}]}}