{"id":1510,"date":"2023-10-13T21:51:33","date_gmt":"2023-10-13T18:51:33","guid":{"rendered":"https:\/\/www.real.edu.ee\/ajaveeb\/145a\/?p=1510"},"modified":"2023-11-04T21:54:08","modified_gmt":"2023-11-04T19:54:08","slug":"naidend-seene-varjus","status":"publish","type":"post","link":"https:\/\/www.real.edu.ee\/ajaveeb\/145a\/2023\/10\/13\/naidend-seene-varjus\/","title":{"rendered":"N\u00e4idend \u201cSeene varjus,,"},"content":{"rendered":"<p style=\"text-align: justify\"><span style=\"font-weight: 400\">13. oktoobril, eesti keele tunni ajal, \u00fcllatas meid 3. klass \u00e4geda n\u00e4idendiga ,,Seene varjus\u2019\u2019. N\u00e4idend oli sisuliselt h\u00e4sti l\u00e4bi m\u00f5eldud ning lisaks huvitavale sisule sisaldas p\u00f5nevaid helilisi efekte ning r\u00f5hku oli pandud ka kost\u00fc\u00fcmidele. Eriti tublisti oli p\u00e4he \u00f5pitud pikad luulelised tekstid. Kahjuks oli meie klassiruum v\u00e4ga v\u00e4ike, mis seadis n\u00e4itlejatele m\u00f5ningad piirangud. N\u00e4idend r\u00e4\u00e4kis vihmasest p\u00e4evast, kus k\u00f5ik putukad otsisid varju vihma eest ja leidsid toreda seene, mille alla varjuda. Ootamatult tuli v\u00e4lja, et seen oli konna oma ja k\u00f5ik vihma eest peitu pugejad pidid oma teed j\u00e4tkama vaatamata vihmasele p\u00e4evale. See n\u00e4idend meeldis meie klassile eriti, sest ka meie oleme seda kunagi esitanud. Tore oli meenutada kes keda m\u00e4ngis v\u00f5i kuidas meie olime erinevaid stseene n\u00e4idendis lahendanud.<\/span><\/p>\n<p>Tekst Anita Uussalu<\/p>\n<p>Pilt Anita Uussalu<\/p>\n<p><img loading=\"lazy\" decoding=\"async\" class=\"alignnone size-medium wp-image-1511\" src=\"http:\/\/www.real.edu.ee\/ajaveeb\/145a\/files\/2023\/11\/80985b65-179d-4d71-8493-c4c68491cedf-225x300.jpg\" alt=\"\" width=\"225\" height=\"300\" srcset=\"https:\/\/www.real.edu.ee\/ajaveeb\/145a\/files\/2023\/11\/80985b65-179d-4d71-8493-c4c68491cedf-225x300.jpg 225w, https:\/\/www.real.edu.ee\/ajaveeb\/145a\/files\/2023\/11\/80985b65-179d-4d71-8493-c4c68491cedf-768x1024.jpg 768w, https:\/\/www.real.edu.ee\/ajaveeb\/145a\/files\/2023\/11\/80985b65-179d-4d71-8493-c4c68491cedf-1152x1536.jpg 1152w, https:\/\/www.real.edu.ee\/ajaveeb\/145a\/files\/2023\/11\/80985b65-179d-4d71-8493-c4c68491cedf.jpg 1200w\" sizes=\"auto, (max-width: 225px) 100vw, 225px\" \/><\/p>\n","protected":false},"excerpt":{"rendered":"<p>13. oktoobril, eesti keele tunni ajal, \u00fcllatas meid 3. klass \u00e4geda n\u00e4idendiga ,,Seene varjus\u2019\u2019. N\u00e4idend oli sisuliselt h\u00e4sti l\u00e4bi m\u00f5eldud ning lisaks huvitavale sisule sisaldas p\u00f5nevaid helilisi efekte ning r\u00f5hku oli pandud ka kost\u00fc\u00fcmidele. Eriti tublisti oli p\u00e4he \u00f5pitud pikad luulelised tekstid. Kahjuks oli meie klassiruum v\u00e4ga v\u00e4ike, mis seadis n\u00e4itlejatele m\u00f5ningad piirangud. N\u00e4idend r\u00e4\u00e4kis [&hellip;]<\/p>\n","protected":false},"author":189,"featured_media":0,"comment_status":"closed","ping_status":"open","sticky":false,"template":"","format":"standard","meta":{"footnotes":""},"categories":[6],"tags":[],"class_list":["post-1510","post","type-post","status-publish","format-standard","hentry","category-klassi-uritused"],"_links":{"self":[{"href":"https:\/\/www.real.edu.ee\/ajaveeb\/145a\/wp-json\/wp\/v2\/posts\/1510","targetHints":{"allow":["GET"]}}],"collection":[{"href":"https:\/\/www.real.edu.ee\/ajaveeb\/145a\/wp-json\/wp\/v2\/posts"}],"about":[{"href":"https:\/\/www.real.edu.ee\/ajaveeb\/145a\/wp-json\/wp\/v2\/types\/post"}],"author":[{"embeddable":true,"href":"https:\/\/www.real.edu.ee\/ajaveeb\/145a\/wp-json\/wp\/v2\/users\/189"}],"replies":[{"embeddable":true,"href":"https:\/\/www.real.edu.ee\/ajaveeb\/145a\/wp-json\/wp\/v2\/comments?post=1510"}],"version-history":[{"count":1,"href":"https:\/\/www.real.edu.ee\/ajaveeb\/145a\/wp-json\/wp\/v2\/posts\/1510\/revisions"}],"predecessor-version":[{"id":1512,"href":"https:\/\/www.real.edu.ee\/ajaveeb\/145a\/wp-json\/wp\/v2\/posts\/1510\/revisions\/1512"}],"wp:attachment":[{"href":"https:\/\/www.real.edu.ee\/ajaveeb\/145a\/wp-json\/wp\/v2\/media?parent=1510"}],"wp:term":[{"taxonomy":"category","embeddable":true,"href":"https:\/\/www.real.edu.ee\/ajaveeb\/145a\/wp-json\/wp\/v2\/categories?post=1510"},{"taxonomy":"post_tag","embeddable":true,"href":"https:\/\/www.real.edu.ee\/ajaveeb\/145a\/wp-json\/wp\/v2\/tags?post=1510"}],"curies":[{"name":"wp","href":"https:\/\/api.w.org\/{rel}","templated":true}]}}