{"id":1498,"date":"2023-10-19T19:42:50","date_gmt":"2023-10-19T16:42:50","guid":{"rendered":"https:\/\/www.real.edu.ee\/ajaveeb\/145a\/?p=1498"},"modified":"2023-10-31T07:42:01","modified_gmt":"2023-10-31T05:42:01","slug":"koolivaheajale-koos-teatriga","status":"publish","type":"post","link":"https:\/\/www.real.edu.ee\/ajaveeb\/145a\/2023\/10\/19\/koolivaheajale-koos-teatriga\/","title":{"rendered":"Koolivaheajale koos teatriga"},"content":{"rendered":"<p style=\"text-align: justify\">19. oktoobril k\u00e4isime klassiga vaatamas VAT teatri etendust &#8220;Mesilane sinu peas&#8221;. N\u00e4idend r\u00e4\u00e4kis \u00fchest\u00a0poisist, kellel oli raske elu ja ta pidi paljude probleemidega\u00a0hakkama saama. N\u00e4idend oli v\u00e4ga huvitav ja mitmek\u00fclgne ning see erines meie varasematest teatrietendusest. Vaatamata etenduse kurvale ja t\u014dsiselele teemale oli lavastaja teinud selle huvitavaks ja isegi naljakaks. Soovitaksin seda etendust vaatama minna 4.-6. klasside \u00f5pilastele, vanematele v\u00f5ib see tunduda natuke totakas. Etendust k\u00e4isid meiega vaatamas eesti keele \u00f5petaja Kaia Rosin ja meie klassijuhataja Ege Viil. Oli lahe vaheajaeelne teatrisk\u00e4ik.<\/p>\n<p>Tekst Ott Tooming<\/p>\n<p>Pildid Rebeka Hinno<\/p>\n<p><img loading=\"lazy\" decoding=\"async\" class=\"alignnone size-medium wp-image-1499\" src=\"http:\/\/www.real.edu.ee\/ajaveeb\/145a\/files\/2023\/10\/IMG-8146-225x300.jpg\" alt=\"\" width=\"225\" height=\"300\" srcset=\"https:\/\/www.real.edu.ee\/ajaveeb\/145a\/files\/2023\/10\/IMG-8146-225x300.jpg 225w, https:\/\/www.real.edu.ee\/ajaveeb\/145a\/files\/2023\/10\/IMG-8146-767x1024.jpg 767w, https:\/\/www.real.edu.ee\/ajaveeb\/145a\/files\/2023\/10\/IMG-8146-768x1025.jpg 768w, https:\/\/www.real.edu.ee\/ajaveeb\/145a\/files\/2023\/10\/IMG-8146-1151x1536.jpg 1151w, https:\/\/www.real.edu.ee\/ajaveeb\/145a\/files\/2023\/10\/IMG-8146.jpg 1170w\" sizes=\"auto, (max-width: 225px) 100vw, 225px\" \/><img loading=\"lazy\" decoding=\"async\" class=\"alignnone size-medium wp-image-1500\" src=\"http:\/\/www.real.edu.ee\/ajaveeb\/145a\/files\/2023\/10\/IMG-8147-225x300.jpg\" alt=\"\" width=\"225\" height=\"300\" srcset=\"https:\/\/www.real.edu.ee\/ajaveeb\/145a\/files\/2023\/10\/IMG-8147-225x300.jpg 225w, https:\/\/www.real.edu.ee\/ajaveeb\/145a\/files\/2023\/10\/IMG-8147-767x1024.jpg 767w, https:\/\/www.real.edu.ee\/ajaveeb\/145a\/files\/2023\/10\/IMG-8147-768x1025.jpg 768w, https:\/\/www.real.edu.ee\/ajaveeb\/145a\/files\/2023\/10\/IMG-8147-1151x1536.jpg 1151w, https:\/\/www.real.edu.ee\/ajaveeb\/145a\/files\/2023\/10\/IMG-8147.jpg 1170w\" sizes=\"auto, (max-width: 225px) 100vw, 225px\" \/><img loading=\"lazy\" decoding=\"async\" class=\"alignnone size-medium wp-image-1501\" src=\"http:\/\/www.real.edu.ee\/ajaveeb\/145a\/files\/2023\/10\/IMG-8148-225x300.jpg\" alt=\"\" width=\"225\" height=\"300\" srcset=\"https:\/\/www.real.edu.ee\/ajaveeb\/145a\/files\/2023\/10\/IMG-8148-225x300.jpg 225w, https:\/\/www.real.edu.ee\/ajaveeb\/145a\/files\/2023\/10\/IMG-8148-767x1024.jpg 767w, https:\/\/www.real.edu.ee\/ajaveeb\/145a\/files\/2023\/10\/IMG-8148-768x1025.jpg 768w, https:\/\/www.real.edu.ee\/ajaveeb\/145a\/files\/2023\/10\/IMG-8148-1151x1536.jpg 1151w, https:\/\/www.real.edu.ee\/ajaveeb\/145a\/files\/2023\/10\/IMG-8148.jpg 1170w\" sizes=\"auto, (max-width: 225px) 100vw, 225px\" \/><img loading=\"lazy\" decoding=\"async\" class=\"alignnone size-medium wp-image-1502\" src=\"http:\/\/www.real.edu.ee\/ajaveeb\/145a\/files\/2023\/10\/IMG-8149-225x300.jpg\" alt=\"\" width=\"225\" height=\"300\" srcset=\"https:\/\/www.real.edu.ee\/ajaveeb\/145a\/files\/2023\/10\/IMG-8149-225x300.jpg 225w, https:\/\/www.real.edu.ee\/ajaveeb\/145a\/files\/2023\/10\/IMG-8149-768x1024.jpg 768w, https:\/\/www.real.edu.ee\/ajaveeb\/145a\/files\/2023\/10\/IMG-8149.jpg 1125w\" sizes=\"auto, (max-width: 225px) 100vw, 225px\" \/><\/p>\n","protected":false},"excerpt":{"rendered":"<p>19. oktoobril k\u00e4isime klassiga vaatamas VAT teatri etendust &#8220;Mesilane sinu peas&#8221;. N\u00e4idend r\u00e4\u00e4kis \u00fchest\u00a0poisist, kellel oli raske elu ja ta pidi paljude probleemidega\u00a0hakkama saama. N\u00e4idend oli v\u00e4ga huvitav ja mitmek\u00fclgne ning see erines meie varasematest teatrietendusest. Vaatamata etenduse kurvale ja t\u014dsiselele teemale oli lavastaja teinud selle huvitavaks ja isegi naljakaks. Soovitaksin seda etendust vaatama minna [&hellip;]<\/p>\n","protected":false},"author":189,"featured_media":0,"comment_status":"closed","ping_status":"open","sticky":false,"template":"","format":"standard","meta":{"footnotes":""},"categories":[6],"tags":[],"class_list":["post-1498","post","type-post","status-publish","format-standard","hentry","category-klassi-uritused"],"_links":{"self":[{"href":"https:\/\/www.real.edu.ee\/ajaveeb\/145a\/wp-json\/wp\/v2\/posts\/1498","targetHints":{"allow":["GET"]}}],"collection":[{"href":"https:\/\/www.real.edu.ee\/ajaveeb\/145a\/wp-json\/wp\/v2\/posts"}],"about":[{"href":"https:\/\/www.real.edu.ee\/ajaveeb\/145a\/wp-json\/wp\/v2\/types\/post"}],"author":[{"embeddable":true,"href":"https:\/\/www.real.edu.ee\/ajaveeb\/145a\/wp-json\/wp\/v2\/users\/189"}],"replies":[{"embeddable":true,"href":"https:\/\/www.real.edu.ee\/ajaveeb\/145a\/wp-json\/wp\/v2\/comments?post=1498"}],"version-history":[{"count":1,"href":"https:\/\/www.real.edu.ee\/ajaveeb\/145a\/wp-json\/wp\/v2\/posts\/1498\/revisions"}],"predecessor-version":[{"id":1503,"href":"https:\/\/www.real.edu.ee\/ajaveeb\/145a\/wp-json\/wp\/v2\/posts\/1498\/revisions\/1503"}],"wp:attachment":[{"href":"https:\/\/www.real.edu.ee\/ajaveeb\/145a\/wp-json\/wp\/v2\/media?parent=1498"}],"wp:term":[{"taxonomy":"category","embeddable":true,"href":"https:\/\/www.real.edu.ee\/ajaveeb\/145a\/wp-json\/wp\/v2\/categories?post=1498"},{"taxonomy":"post_tag","embeddable":true,"href":"https:\/\/www.real.edu.ee\/ajaveeb\/145a\/wp-json\/wp\/v2\/tags?post=1498"}],"curies":[{"name":"wp","href":"https:\/\/api.w.org\/{rel}","templated":true}]}}