{"id":1439,"date":"2023-05-17T22:10:39","date_gmt":"2023-05-17T19:10:39","guid":{"rendered":"https:\/\/www.real.edu.ee\/ajaveeb\/145a\/?p=1439"},"modified":"2023-08-31T22:15:09","modified_gmt":"2023-08-31T19:15:09","slug":"apteeker-melchiori-oppekaik","status":"publish","type":"post","link":"https:\/\/www.real.edu.ee\/ajaveeb\/145a\/2023\/05\/17\/apteeker-melchiori-oppekaik\/","title":{"rendered":"Apteeker Melchiori \u00f5ppek\u00e4ik"},"content":{"rendered":"<p style=\"text-align: justify\"><span style=\"font-weight: 400\">17. mail k\u00e4is 5a klass vanalinnas \u00f5ppek\u00e4igul. \u00d5ppek\u00e4ik r\u00e4\u00e4kis ja n\u00e4itas meile stseene filmist ,,Apteeker Melchior\u2019\u2019. Lisaks saime teada veel palju p\u00f5nevaid fakte filmis kujutatud ajast. Klass tehti pooleks ning asusime toredale seiklusele. Giidiga liikusime vanalinnas ja selle l\u00e4heduses ringi. K\u00fclastasime raeapteeki, Kiek in de K\u00f6ki, raeplatsi ja palju veel. Isegi vallutasime linnam\u00fc\u00fcre. Raeapteegis saime testida oma teadmisi meelde j\u00e4\u00e4nust ning meid premeeriti martsipaniga. Meie teejuhil oli ka kaasas p\u00f5nevad pildid, mida ta n\u00e4itas meile \u00f5ppek\u00e4igu ajal. Jalutusk\u00e4igu l\u00f5petasime muuseumis, kus meile n\u00e4idati vanu esemeid ning saime arvata, milleks neid kasutati. \u00d5nneks oli jalutusk\u00e4iguks p\u00e4ikseline kuigi tuuline ilm. See oli v\u00e4ga p\u00f5nev kogemus. Ootame pikisilmi juba j\u00e4rgmisi \u00f5ppek\u00e4ike.<\/span><\/p>\n<p>Anita Uussalu<\/p>\n<p><img loading=\"lazy\" decoding=\"async\" class=\"alignnone  wp-image-1440\" src=\"http:\/\/www.real.edu.ee\/ajaveeb\/145a\/files\/2023\/08\/IMG-7093-1-300x225.jpg\" alt=\"\" width=\"260\" height=\"195\" srcset=\"https:\/\/www.real.edu.ee\/ajaveeb\/145a\/files\/2023\/08\/IMG-7093-1-300x225.jpg 300w, https:\/\/www.real.edu.ee\/ajaveeb\/145a\/files\/2023\/08\/IMG-7093-1-1024x768.jpg 1024w, https:\/\/www.real.edu.ee\/ajaveeb\/145a\/files\/2023\/08\/IMG-7093-1-768x576.jpg 768w, https:\/\/www.real.edu.ee\/ajaveeb\/145a\/files\/2023\/08\/IMG-7093-1-1536x1152.jpg 1536w, https:\/\/www.real.edu.ee\/ajaveeb\/145a\/files\/2023\/08\/IMG-7093-1-2048x1536.jpg 2048w\" sizes=\"auto, (max-width: 260px) 100vw, 260px\" \/><img loading=\"lazy\" decoding=\"async\" class=\"alignnone  wp-image-1441\" src=\"http:\/\/www.real.edu.ee\/ajaveeb\/145a\/files\/2023\/08\/IMG-7053-300x225.jpg\" alt=\"\" width=\"260\" height=\"195\" srcset=\"https:\/\/www.real.edu.ee\/ajaveeb\/145a\/files\/2023\/08\/IMG-7053-300x225.jpg 300w, https:\/\/www.real.edu.ee\/ajaveeb\/145a\/files\/2023\/08\/IMG-7053-1024x768.jpg 1024w, https:\/\/www.real.edu.ee\/ajaveeb\/145a\/files\/2023\/08\/IMG-7053-768x576.jpg 768w, https:\/\/www.real.edu.ee\/ajaveeb\/145a\/files\/2023\/08\/IMG-7053-1536x1152.jpg 1536w, https:\/\/www.real.edu.ee\/ajaveeb\/145a\/files\/2023\/08\/IMG-7053-2048x1536.jpg 2048w\" sizes=\"auto, (max-width: 260px) 100vw, 260px\" \/><img loading=\"lazy\" decoding=\"async\" class=\"alignnone  wp-image-1442\" src=\"http:\/\/www.real.edu.ee\/ajaveeb\/145a\/files\/2023\/08\/IMG-7055-225x300.jpg\" alt=\"\" width=\"205\" height=\"273\" srcset=\"https:\/\/www.real.edu.ee\/ajaveeb\/145a\/files\/2023\/08\/IMG-7055-225x300.jpg 225w, https:\/\/www.real.edu.ee\/ajaveeb\/145a\/files\/2023\/08\/IMG-7055-768x1024.jpg 768w, https:\/\/www.real.edu.ee\/ajaveeb\/145a\/files\/2023\/08\/IMG-7055-1152x1536.jpg 1152w, https:\/\/www.real.edu.ee\/ajaveeb\/145a\/files\/2023\/08\/IMG-7055-1536x2048.jpg 1536w, https:\/\/www.real.edu.ee\/ajaveeb\/145a\/files\/2023\/08\/IMG-7055-scaled.jpg 1920w\" sizes=\"auto, (max-width: 205px) 100vw, 205px\" \/><\/p>\n","protected":false},"excerpt":{"rendered":"<p>17. mail k\u00e4is 5a klass vanalinnas \u00f5ppek\u00e4igul. \u00d5ppek\u00e4ik r\u00e4\u00e4kis ja n\u00e4itas meile stseene filmist ,,Apteeker Melchior\u2019\u2019. Lisaks saime teada veel palju p\u00f5nevaid fakte filmis kujutatud ajast. Klass tehti pooleks ning asusime toredale seiklusele. Giidiga liikusime vanalinnas ja selle l\u00e4heduses ringi. K\u00fclastasime raeapteeki, Kiek in de K\u00f6ki, raeplatsi ja palju veel. Isegi vallutasime linnam\u00fc\u00fcre. Raeapteegis saime [&hellip;]<\/p>\n","protected":false},"author":189,"featured_media":0,"comment_status":"closed","ping_status":"open","sticky":false,"template":"","format":"standard","meta":{"footnotes":""},"categories":[3],"tags":[],"class_list":["post-1439","post","type-post","status-publish","format-standard","hentry","category-oppekaigud"],"_links":{"self":[{"href":"https:\/\/www.real.edu.ee\/ajaveeb\/145a\/wp-json\/wp\/v2\/posts\/1439","targetHints":{"allow":["GET"]}}],"collection":[{"href":"https:\/\/www.real.edu.ee\/ajaveeb\/145a\/wp-json\/wp\/v2\/posts"}],"about":[{"href":"https:\/\/www.real.edu.ee\/ajaveeb\/145a\/wp-json\/wp\/v2\/types\/post"}],"author":[{"embeddable":true,"href":"https:\/\/www.real.edu.ee\/ajaveeb\/145a\/wp-json\/wp\/v2\/users\/189"}],"replies":[{"embeddable":true,"href":"https:\/\/www.real.edu.ee\/ajaveeb\/145a\/wp-json\/wp\/v2\/comments?post=1439"}],"version-history":[{"count":1,"href":"https:\/\/www.real.edu.ee\/ajaveeb\/145a\/wp-json\/wp\/v2\/posts\/1439\/revisions"}],"predecessor-version":[{"id":1443,"href":"https:\/\/www.real.edu.ee\/ajaveeb\/145a\/wp-json\/wp\/v2\/posts\/1439\/revisions\/1443"}],"wp:attachment":[{"href":"https:\/\/www.real.edu.ee\/ajaveeb\/145a\/wp-json\/wp\/v2\/media?parent=1439"}],"wp:term":[{"taxonomy":"category","embeddable":true,"href":"https:\/\/www.real.edu.ee\/ajaveeb\/145a\/wp-json\/wp\/v2\/categories?post=1439"},{"taxonomy":"post_tag","embeddable":true,"href":"https:\/\/www.real.edu.ee\/ajaveeb\/145a\/wp-json\/wp\/v2\/tags?post=1439"}],"curies":[{"name":"wp","href":"https:\/\/api.w.org\/{rel}","templated":true}]}}