{"id":521,"date":"2018-02-27T16:22:50","date_gmt":"2018-02-27T14:22:50","guid":{"rendered":"http:\/\/www.real.edu.ee\/ajaveeb\/144b\/?p=521"},"modified":"2018-03-07T16:23:24","modified_gmt":"2018-03-07T14:23:24","slug":"meie-oma-eesti-meistrid","status":"publish","type":"post","link":"https:\/\/www.real.edu.ee\/ajaveeb\/144b\/2018\/02\/27\/meie-oma-eesti-meistrid\/","title":{"rendered":"Meie oma Eesti meistrid"},"content":{"rendered":"<div class=\"news-content\">\n<p><span style=\"color: #000080\">10. veebruaril toimusid Tartus tantsuspordi Eesti meistriv\u00f5istlused ladina tantsudes. V\u00e4ikeste tantsijate Lapsed 1 vanuseklassis v\u00f5itsid kuldmedali meie klassikaaslased\u00a0 Maxi ja Regina!<\/span><\/p>\n<p><span style=\"color: #000080\">27. jaanuaril Tallinnas toimunud tantsuspordi standardtantsude Eesti meistriv\u00f5istlustel V\u00e4ikeste tantsijate Lapsed 1 vanuseklassis said Maxi ja Regina pronksmedali.<\/span><\/p>\n<p><span style=\"color: #000080\">\u00d5nnitleme oma tublisid tantsijaid nende k\u00f5rgete saavutuste puhul!<\/span><\/p>\n<p><img decoding=\"async\" class=\"news-image__image\" src=\"https:\/\/real.edu.ee\/wp-content\/uploads\/2018\/02\/2018_tantsijad-600x400.png\" \/><\/p>\n<\/div>\n","protected":false},"excerpt":{"rendered":"<p>10. veebruaril toimusid Tartus tantsuspordi Eesti meistriv\u00f5istlused ladina tantsudes. V\u00e4ikeste tantsijate Lapsed 1 vanuseklassis v\u00f5itsid kuldmedali meie klassikaaslased\u00a0 Maxi ja Regina! 27. jaanuaril Tallinnas toimunud tantsuspordi standardtantsude Eesti meistriv\u00f5istlustel V\u00e4ikeste tantsijate Lapsed 1 vanuseklassis said Maxi ja Regina pronksmedali. \u00d5nnitleme oma tublisid tantsijaid nende k\u00f5rgete saavutuste puhul!<\/p>\n","protected":false},"author":71,"featured_media":0,"comment_status":"closed","ping_status":"open","sticky":false,"template":"","format":"standard","meta":{"footnotes":""},"categories":[1],"tags":[],"class_list":["post-521","post","type-post","status-publish","format-standard","hentry","category-maaratlemata"],"_links":{"self":[{"href":"https:\/\/www.real.edu.ee\/ajaveeb\/144b\/wp-json\/wp\/v2\/posts\/521","targetHints":{"allow":["GET"]}}],"collection":[{"href":"https:\/\/www.real.edu.ee\/ajaveeb\/144b\/wp-json\/wp\/v2\/posts"}],"about":[{"href":"https:\/\/www.real.edu.ee\/ajaveeb\/144b\/wp-json\/wp\/v2\/types\/post"}],"author":[{"embeddable":true,"href":"https:\/\/www.real.edu.ee\/ajaveeb\/144b\/wp-json\/wp\/v2\/users\/71"}],"replies":[{"embeddable":true,"href":"https:\/\/www.real.edu.ee\/ajaveeb\/144b\/wp-json\/wp\/v2\/comments?post=521"}],"version-history":[{"count":4,"href":"https:\/\/www.real.edu.ee\/ajaveeb\/144b\/wp-json\/wp\/v2\/posts\/521\/revisions"}],"predecessor-version":[{"id":525,"href":"https:\/\/www.real.edu.ee\/ajaveeb\/144b\/wp-json\/wp\/v2\/posts\/521\/revisions\/525"}],"wp:attachment":[{"href":"https:\/\/www.real.edu.ee\/ajaveeb\/144b\/wp-json\/wp\/v2\/media?parent=521"}],"wp:term":[{"taxonomy":"category","embeddable":true,"href":"https:\/\/www.real.edu.ee\/ajaveeb\/144b\/wp-json\/wp\/v2\/categories?post=521"},{"taxonomy":"post_tag","embeddable":true,"href":"https:\/\/www.real.edu.ee\/ajaveeb\/144b\/wp-json\/wp\/v2\/tags?post=521"}],"curies":[{"name":"wp","href":"https:\/\/api.w.org\/{rel}","templated":true}]}}