{"id":3652,"date":"2023-05-18T21:04:24","date_gmt":"2023-05-18T18:04:24","guid":{"rendered":"https:\/\/www.real.edu.ee\/ajaveeb\/144b\/?p=3652"},"modified":"2023-05-24T20:23:00","modified_gmt":"2023-05-24T17:23:00","slug":"kunstitunnis-muuseumisse-2","status":"publish","type":"post","link":"https:\/\/www.real.edu.ee\/ajaveeb\/144b\/2023\/05\/18\/kunstitunnis-muuseumisse-2\/","title":{"rendered":"Kunstitunnis muuseumisse"},"content":{"rendered":"<p>T\u00e4na k\u00e4isime oma klassiga muuseumites. K\u00fclastasime Tarbekunstimuuseumit ja Adamson Ericu muuseumit. Muuseumites saime uurida eri kunstiliike.<\/p>\n<p><strong>Tarbekunstimuuseumis<\/strong> oli n\u00e4ha Eesti disaini arengut, mitme m\u00f5ttega teoseid ja juveelit\u00f6\u00f6stuse ajalugu. Kokku saime n\u00e4ituseid vaadata kolmel korruselt. N\u00e4itused olid v\u00e4ga huvitavad ja n\u00e4itasid meile midagi, mida koolipingis alati ei \u00f5petata. N\u00e4iteks olid n\u00e4itusel teosed, mis soovisid meile \u00f6elda, et maailm ei ole nii ilus paik kui me arvame, et maailmas on j\u00e4tkuvalt palju eba\u00f5iglust ja pettusi.<\/p>\n\n\t\t<style type=\"text\/css\">\n\t\t\t#gallery-1 {\n\t\t\t\tmargin: auto;\n\t\t\t}\n\t\t\t#gallery-1 .gallery-item {\n\t\t\t\tfloat: left;\n\t\t\t\tmargin-top: 10px;\n\t\t\t\ttext-align: center;\n\t\t\t\twidth: 33%;\n\t\t\t}\n\t\t\t#gallery-1 img {\n\t\t\t\tborder: 2px solid #cfcfcf;\n\t\t\t}\n\t\t\t#gallery-1 .gallery-caption {\n\t\t\t\tmargin-left: 0;\n\t\t\t}\n\t\t\t\/* see gallery_shortcode() in wp-includes\/media.php *\/\n\t\t<\/style>\n\t\t<div id='gallery-1' class='gallery galleryid-3652 gallery-columns-3 gallery-size-thumbnail'><dl class='gallery-item'>\n\t\t\t<dt class='gallery-icon landscape'>\n\t\t\t\t<a href='https:\/\/www.real.edu.ee\/ajaveeb\/144b\/2023\/05\/18\/kunstitunnis-muuseumisse-2\/346142013_981816489643198_7649514341881315517_n\/'><img loading=\"lazy\" decoding=\"async\" width=\"150\" height=\"150\" src=\"https:\/\/www.real.edu.ee\/ajaveeb\/144b\/files\/2023\/05\/346142013_981816489643198_7649514341881315517_n-150x150.jpg\" class=\"attachment-thumbnail size-thumbnail\" alt=\"\" \/><\/a>\n\t\t\t<\/dt><\/dl><dl class='gallery-item'>\n\t\t\t<dt class='gallery-icon landscape'>\n\t\t\t\t<a href='https:\/\/www.real.edu.ee\/ajaveeb\/144b\/2023\/05\/18\/kunstitunnis-muuseumisse-2\/346141861_245007618137908_1605757151095892484_n\/'><img loading=\"lazy\" decoding=\"async\" width=\"150\" height=\"150\" src=\"https:\/\/www.real.edu.ee\/ajaveeb\/144b\/files\/2023\/05\/346141861_245007618137908_1605757151095892484_n-150x150.jpg\" class=\"attachment-thumbnail size-thumbnail\" alt=\"\" \/><\/a>\n\t\t\t<\/dt><\/dl><dl class='gallery-item'>\n\t\t\t<dt class='gallery-icon landscape'>\n\t\t\t\t<a href='https:\/\/www.real.edu.ee\/ajaveeb\/144b\/2023\/05\/18\/kunstitunnis-muuseumisse-2\/349019481_781557353323231_7518881895306936586_n\/'><img loading=\"lazy\" decoding=\"async\" width=\"150\" height=\"150\" src=\"https:\/\/www.real.edu.ee\/ajaveeb\/144b\/files\/2023\/05\/349019481_781557353323231_7518881895306936586_n-150x150.jpg\" class=\"attachment-thumbnail size-thumbnail\" alt=\"\" \/><\/a>\n\t\t\t<\/dt><\/dl><br style=\"clear: both\" \/>\n\t\t<\/div>\n\n<p><strong>Adamson Ericu muuseum\u00a0<\/strong>oli v\u00f5rreldes Tarbekunstimuuseumiga palju v\u00e4iksem. Erinevalt eelmisest muuseumist oli siin kujutav kunst. Lisaks oli tehtud \u00fchte toa nurka &#8220;suur roheline sein&#8221;, mille juures said k\u00f5rva selle vastu<span style=\"background-color: #ffffff\">panna ja kuulata vaikust. Hoovis ootas meid ehtne Koorti kitseke.\u00a0<\/span><\/p>\n\n\t\t<style type=\"text\/css\">\n\t\t\t#gallery-2 {\n\t\t\t\tmargin: auto;\n\t\t\t}\n\t\t\t#gallery-2 .gallery-item {\n\t\t\t\tfloat: left;\n\t\t\t\tmargin-top: 10px;\n\t\t\t\ttext-align: center;\n\t\t\t\twidth: 33%;\n\t\t\t}\n\t\t\t#gallery-2 img {\n\t\t\t\tborder: 2px solid #cfcfcf;\n\t\t\t}\n\t\t\t#gallery-2 .gallery-caption {\n\t\t\t\tmargin-left: 0;\n\t\t\t}\n\t\t\t\/* see gallery_shortcode() in wp-includes\/media.php *\/\n\t\t<\/style>\n\t\t<div id='gallery-2' class='gallery galleryid-3652 gallery-columns-3 gallery-size-thumbnail'><dl class='gallery-item'>\n\t\t\t<dt class='gallery-icon portrait'>\n\t\t\t\t<a href='https:\/\/www.real.edu.ee\/ajaveeb\/144b\/2023\/05\/18\/kunstitunnis-muuseumisse-2\/346132536_6572981272725661_4404838865406509563_n\/'><img loading=\"lazy\" decoding=\"async\" width=\"150\" height=\"150\" src=\"https:\/\/www.real.edu.ee\/ajaveeb\/144b\/files\/2023\/05\/346132536_6572981272725661_4404838865406509563_n-150x150.jpg\" class=\"attachment-thumbnail size-thumbnail\" alt=\"\" aria-describedby=\"gallery-2-3662\" \/><\/a>\n\t\t\t<\/dt>\n\t\t\t\t<dd class='wp-caption-text gallery-caption' id='gallery-2-3662'>\n\t\t\t\tPildid:Ell Juhani\n\t\t\t\t<\/dd><\/dl><dl class='gallery-item'>\n\t\t\t<dt class='gallery-icon portrait'>\n\t\t\t\t<a href='https:\/\/www.real.edu.ee\/ajaveeb\/144b\/2023\/05\/18\/kunstitunnis-muuseumisse-2\/346155111_1022441052077840_3665277706550462947_n\/'><img loading=\"lazy\" decoding=\"async\" width=\"150\" height=\"150\" src=\"https:\/\/www.real.edu.ee\/ajaveeb\/144b\/files\/2023\/05\/346155111_1022441052077840_3665277706550462947_n-150x150.jpg\" class=\"attachment-thumbnail size-thumbnail\" alt=\"\" \/><\/a>\n\t\t\t<\/dt><\/dl>\n\t\t\t<br style='clear: both' \/>\n\t\t<\/div>\n\n<p>Tegu oli v\u00e4ga huvitava muuseumis k\u00e4iguga ja k\u00f5ik muuseumid j\u00e4tsime maha sellises seisus nagu need enne meie sisenemist olid olnud. Ait\u00e4h muuseumitele, kes meid vastu v\u00f5tsid! Ait\u00e4h meie kunsti\u00f5petajale, kes meid retkele viis! J\u00e4\u00e4me juba p\u00f5nevusega ootama j\u00e4rgmist korda!<\/p>\n","protected":false},"excerpt":{"rendered":"<p>T\u00e4na k\u00e4isime oma klassiga muuseumites. K\u00fclastasime Tarbekunstimuuseumit ja Adamson Ericu muuseumit. Muuseumites saime uurida eri kunstiliike. Tarbekunstimuuseumis oli n\u00e4ha Eesti disaini arengut, mitme m\u00f5ttega teoseid ja juveelit\u00f6\u00f6stuse ajalugu. Kokku saime n\u00e4ituseid vaadata kolmel korruselt. N\u00e4itused olid v\u00e4ga huvitavad ja n\u00e4itasid meile midagi, mida koolipingis alati ei \u00f5petata. N\u00e4iteks olid n\u00e4itusel teosed, mis soovisid meile \u00f6elda, [&hellip;]<\/p>\n","protected":false},"author":184,"featured_media":0,"comment_status":"closed","ping_status":"open","sticky":false,"template":"","format":"standard","meta":{"footnotes":""},"categories":[1],"tags":[],"class_list":["post-3652","post","type-post","status-publish","format-standard","hentry","category-maaratlemata"],"_links":{"self":[{"href":"https:\/\/www.real.edu.ee\/ajaveeb\/144b\/wp-json\/wp\/v2\/posts\/3652","targetHints":{"allow":["GET"]}}],"collection":[{"href":"https:\/\/www.real.edu.ee\/ajaveeb\/144b\/wp-json\/wp\/v2\/posts"}],"about":[{"href":"https:\/\/www.real.edu.ee\/ajaveeb\/144b\/wp-json\/wp\/v2\/types\/post"}],"author":[{"embeddable":true,"href":"https:\/\/www.real.edu.ee\/ajaveeb\/144b\/wp-json\/wp\/v2\/users\/184"}],"replies":[{"embeddable":true,"href":"https:\/\/www.real.edu.ee\/ajaveeb\/144b\/wp-json\/wp\/v2\/comments?post=3652"}],"version-history":[{"count":4,"href":"https:\/\/www.real.edu.ee\/ajaveeb\/144b\/wp-json\/wp\/v2\/posts\/3652\/revisions"}],"predecessor-version":[{"id":3664,"href":"https:\/\/www.real.edu.ee\/ajaveeb\/144b\/wp-json\/wp\/v2\/posts\/3652\/revisions\/3664"}],"wp:attachment":[{"href":"https:\/\/www.real.edu.ee\/ajaveeb\/144b\/wp-json\/wp\/v2\/media?parent=3652"}],"wp:term":[{"taxonomy":"category","embeddable":true,"href":"https:\/\/www.real.edu.ee\/ajaveeb\/144b\/wp-json\/wp\/v2\/categories?post=3652"},{"taxonomy":"post_tag","embeddable":true,"href":"https:\/\/www.real.edu.ee\/ajaveeb\/144b\/wp-json\/wp\/v2\/tags?post=3652"}],"curies":[{"name":"wp","href":"https:\/\/api.w.org\/{rel}","templated":true}]}}