{"id":3633,"date":"2023-05-03T19:35:22","date_gmt":"2023-05-03T16:35:22","guid":{"rendered":"https:\/\/www.real.edu.ee\/ajaveeb\/144b\/?p=3633"},"modified":"2023-05-03T19:35:22","modified_gmt":"2023-05-03T16:35:22","slug":"2-klassi-kevadpidu","status":"publish","type":"post","link":"https:\/\/www.real.edu.ee\/ajaveeb\/144b\/2023\/05\/03\/2-klassi-kevadpidu\/","title":{"rendered":"2. klassi kevadpidu"},"content":{"rendered":"<p>Hei!<\/p>\n<p>Selle postituse kirjutan 2. klasside kevadpeost. T\u00e4helepaneliku lugejana saad t\u00f5en\u00e4oliselt aru, et me pole ju enam 2. klassis. Ja sul on t\u00e4iesti \u00f5igus. Me polegi. Kuid kelle peost see postitus siis ikkagi on? See postitus on meie vana klassijuhataja Reeda klassi ja nende paralleelklassi peost, mida meie korraldasime.<\/p>\n<p>See k\u00f5ik algas \u00fchel tavap\u00e4rasel talvep\u00e4eval kui saime k\u00e4tte \u00fclesande korraldada 2. klassidele pidu. Sellele j\u00e4rgnes hoogne planeerimishooaeg. V\u00e4lja tuli m\u00f5elda vastus k\u00fcsimustele nagu millal? ja kus? ja kas pidu tervele lennule v\u00f5i vaid \u00fchele klassile? K\u00f5ik need vastused leidsime me \u00fcles koos meie kaas\u00f5pilastega a-klassist. Ja l\u00f5puks peale paarikuust planeerimist ja m\u00f5tlemist see pidu l\u00f5puks toimuski!<\/p>\n<p>R\u00e4\u00e4gin n\u00fc\u00fcd natuke l\u00e4hemalt sellest, mida peol teha sai.<\/p>\n<p>Esmalt jaotati k\u00f5ik lapsed grupidesse. Gruppides oli lapsi m\u00f5lemast klassist. Seej\u00e4rel suundusid k\u00f5ik grupid \u00fchte alguspunkti, n\u00e4iteks staadionile v\u00f5i \u00f5petaja Reeda klassi toam\u00e4nge m\u00e4ngima. Teatud aja m\u00f6\u00f6dudes liiguti juba j\u00e4rgmisesse t\u00f6\u00f6tuppa. Kokku olime lastele valmistanud 4 eri t\u00f6\u00f6tuba ja aardejahi. J\u00e4rgmiseks saate lugeda gruppide tegevustest l\u00e4hemalt. J\u00e4rjekord on v\u00f5etud \u00fchelt grupilt.<\/p>\n<p><strong>Toam\u00e4ngud:<\/strong><\/p>\n<p>Toam\u00e4nge juhtis meie oma klassi \u00f5pilane Anna, kes l\u00f5bustas lapsi maffia, toolim\u00e4ngu ja ka tantsuv\u00f5istlusega. M\u00e4ngudes \u00f5piti \u00fcksteist rohkem tunda ennast ja ka lennukaaslasi.<\/p>\n<p><strong>Viktoriin:<\/strong><\/p>\n<p>J\u00e4rgmise tegevusega l\u00f5bustasid Inger ja P\u00e4rtel meie paralleelklassist. Viktoriin toimus nii nagu viktoriinid ikka, aga k\u00fcsimused koostasid lapsed ise. See t\u00e4hendas, et k\u00f5ik lapsed said r\u00f5\u00f5mustada v\u00e4hemalt \u00fche \u00f5ige vastuse \u00fcle. Lapsed koostasid k\u00fcsimusi nagu n\u00e4iteks mis aastal sai Eesti vabaks ja kui vana on meie kool. Kas teie teate vastuseid neile k\u00fcsimustele?<\/p>\n<p><strong>Rahvastepall:<\/strong><\/p>\n<p>Staadionile j\u00f5udes tervitas lapsi juba kaugelt Valmari k\u00f5rvulukustav vile. M\u00f5ningase sagimise j\u00e4rel olid lapsed jaotatud 2 meeskonda ja m\u00e4ng v\u00f5is alata. K\u00f5ik andsid endast parima ja proovisid palli p\u00fc\u00fcda ja vastaseid v\u00e4lja visata. \u00dchele grupile tulid kaasa elama ka meie koolivennad Valter, Gregor, Oliver I. ja Taavi a-klassist. Rahvastepalli l\u00f5pus m\u00e4rkasid lapsed hoovi s\u00f5itnud j\u00e4\u00e4tisepildiga autot ja paljude staadionil viibinud laste m\u00f5tted liikusid j\u00e4\u00e4tisele.<\/p>\n<p><strong>Aardejaht:<\/strong><\/p>\n<p>Kui rahvastepallist m\u00f5ni energiaraasuke veel alles j\u00e4i, siis aardejahis tuli kiiresti joosta. Aardejahti korraldas Astrid, kes oli koos Elli ja Maxi abiga koostanud lastele mitu huvitavat k\u00fcsimust. K\u00fcsimustele vastamiseks oli vaja teadmisi koolihoovi ja eelmise aasta s\u00fcndmuste kohta. N\u00e4iteks k\u00fcsisime, kus k\u00e4idi eelmine aasta klassireisil ja kes v\u00f5itis eelmise aasta maleturniiri.<\/p>\n<p><em><strong>Grande final:<\/strong><\/em><strong>teatejookud Evaga<\/strong><\/p>\n<p>L\u00f5petuseks suundusid lapsed Eva juurde, kes korraldas l\u00f5busaid teatejookse. Joosti niisama, aga joosti ka nii, et pidid vahepeal pr\u00e4\u00e4ksuga k\u00fckke tegema. K\u00f5ikide sisemised jooksjad vabanesid ja m\u00f6\u00f6dak\u00f5ndinud inimesed v\u00f5isid n\u00e4ha t\u00e4iskiirusel lippavad mudilasi. Jooksude l\u00f5puks oli lastel keel vestil ja paljud lasid rahulikult tartaanile pikali ja nautisid kevadp\u00e4ikest.<\/p>\n<p><strong>Autasustamine:<\/strong><\/p>\n<p>Nagu igal korralikul \u00fcritusel olid ka sellel peol auhinnad. Esmalt said k\u00f5ik kommi, et k\u00f5ik saaksid suu magusks. See j\u00e4rel tulid aardejahi tulemused. K\u00f5ik olid raja l\u00e4binud ja ajavahed olid vaid m\u00f5nesekundilised. Kui olime \u00e4ra kuulnud aardejahi tulemused j\u00f5udis k\u00e4tte aeg viktoriini tulemusteks. Igast grupist tuli \u00fcks parim ja ka seal edestasid v\u00f5itjad teisi vaid punkti v\u00f5i paariga. K\u00f5ik lapsed olid v\u00e4ga tubli ja p\u00e4eva l\u00f5puks olime k\u00f5ik \u00f5nnelikud ja suundusime tagasi tundidesse.<\/p>\n<p>Ait\u00e4h korraldajatele! Ait\u00e4h osalejatele! Ait\u00e4h \u00f5petajatele, kes lasid tunnist \u00e4ra! Ait\u00e4h klassijuhatajatele Reedale ja Ailile! Ait\u00e4h ilusale ilmale!<\/p>\n<p>J\u00e4\u00e4me juba p\u00f5nevusega j\u00e4rgmist aastat ja j\u00e4rgmist pidu ootama.<\/p>\n<p>L\u00f5petuseks ka m\u00f5ned pildid sellest toredast p\u00e4evast:<\/p>\n<p>Pildid: Ell Juhani<\/p>\n\n\t\t<style type=\"text\/css\">\n\t\t\t#gallery-1 {\n\t\t\t\tmargin: auto;\n\t\t\t}\n\t\t\t#gallery-1 .gallery-item {\n\t\t\t\tfloat: left;\n\t\t\t\tmargin-top: 10px;\n\t\t\t\ttext-align: center;\n\t\t\t\twidth: 33%;\n\t\t\t}\n\t\t\t#gallery-1 img {\n\t\t\t\tborder: 2px solid #cfcfcf;\n\t\t\t}\n\t\t\t#gallery-1 .gallery-caption {\n\t\t\t\tmargin-left: 0;\n\t\t\t}\n\t\t\t\/* see gallery_shortcode() in wp-includes\/media.php *\/\n\t\t<\/style>\n\t\t<div id='gallery-1' class='gallery galleryid-3633 gallery-columns-3 gallery-size-thumbnail'><dl class='gallery-item'>\n\t\t\t<dt class='gallery-icon landscape'>\n\t\t\t\t<a href='https:\/\/www.real.edu.ee\/ajaveeb\/144b\/2023\/05\/03\/2-klassi-kevadpidu\/20230503_104053\/'><img loading=\"lazy\" decoding=\"async\" width=\"150\" height=\"150\" src=\"https:\/\/www.real.edu.ee\/ajaveeb\/144b\/files\/2023\/05\/20230503_104053-150x150.jpg\" class=\"attachment-thumbnail size-thumbnail\" alt=\"\" aria-describedby=\"gallery-1-3635\" \/><\/a>\n\t\t\t<\/dt>\n\t\t\t\t<dd class='wp-caption-text gallery-caption' id='gallery-1-3635'>\n\t\t\t\tKaasaelajad\n\t\t\t\t<\/dd><\/dl><dl class='gallery-item'>\n\t\t\t<dt class='gallery-icon landscape'>\n\t\t\t\t<a href='https:\/\/www.real.edu.ee\/ajaveeb\/144b\/2023\/05\/03\/2-klassi-kevadpidu\/20230503_100934\/'><img loading=\"lazy\" decoding=\"async\" width=\"150\" height=\"150\" src=\"https:\/\/www.real.edu.ee\/ajaveeb\/144b\/files\/2023\/05\/20230503_100934-150x150.jpg\" class=\"attachment-thumbnail size-thumbnail\" alt=\"\" aria-describedby=\"gallery-1-3636\" \/><\/a>\n\t\t\t<\/dt>\n\t\t\t\t<dd class='wp-caption-text gallery-caption' id='gallery-1-3636'>\n\t\t\t\tNad ei karda Annat. See on lihtsalt sellline m\u00e4ng.\n\t\t\t\t<\/dd><\/dl><dl class='gallery-item'>\n\t\t\t<dt class='gallery-icon landscape'>\n\t\t\t\t<a href='https:\/\/www.real.edu.ee\/ajaveeb\/144b\/2023\/05\/03\/2-klassi-kevadpidu\/20230503_112751\/'><img loading=\"lazy\" decoding=\"async\" width=\"150\" height=\"150\" src=\"https:\/\/www.real.edu.ee\/ajaveeb\/144b\/files\/2023\/05\/20230503_112751-150x150.jpg\" class=\"attachment-thumbnail size-thumbnail\" alt=\"\" aria-describedby=\"gallery-1-3637\" \/><\/a>\n\t\t\t<\/dt>\n\t\t\t\t<dd class='wp-caption-text gallery-caption' id='gallery-1-3637'>\n\t\t\t\tPuhkehetk\n\t\t\t\t<\/dd><\/dl><br style=\"clear: both\" \/><dl class='gallery-item'>\n\t\t\t<dt class='gallery-icon landscape'>\n\t\t\t\t<a href='https:\/\/www.real.edu.ee\/ajaveeb\/144b\/2023\/05\/03\/2-klassi-kevadpidu\/20230503_120152\/'><img loading=\"lazy\" decoding=\"async\" width=\"150\" height=\"150\" src=\"https:\/\/www.real.edu.ee\/ajaveeb\/144b\/files\/2023\/05\/20230503_120152-150x150.jpg\" class=\"attachment-thumbnail size-thumbnail\" alt=\"\" aria-describedby=\"gallery-1-3639\" \/><\/a>\n\t\t\t<\/dt>\n\t\t\t\t<dd class='wp-caption-text gallery-caption' id='gallery-1-3639'>\n\t\t\t\tViktoriini v\u00f5itjad\n\t\t\t\t<\/dd><\/dl><dl class='gallery-item'>\n\t\t\t<dt class='gallery-icon landscape'>\n\t\t\t\t<a href='https:\/\/www.real.edu.ee\/ajaveeb\/144b\/2023\/05\/03\/2-klassi-kevadpidu\/20230503_110116\/'><img loading=\"lazy\" decoding=\"async\" width=\"150\" height=\"150\" src=\"https:\/\/www.real.edu.ee\/ajaveeb\/144b\/files\/2023\/05\/20230503_110116-150x150.jpg\" class=\"attachment-thumbnail size-thumbnail\" alt=\"\" aria-describedby=\"gallery-1-3641\" \/><\/a>\n\t\t\t<\/dt>\n\t\t\t\t<dd class='wp-caption-text gallery-caption' id='gallery-1-3641'>\n\t\t\t\tModellihetked\n\t\t\t\t<\/dd><\/dl>\n\t\t\t<br style='clear: both' \/>\n\t\t<\/div>\n\n","protected":false},"excerpt":{"rendered":"<p>Hei! Selle postituse kirjutan 2. klasside kevadpeost. T\u00e4helepaneliku lugejana saad t\u00f5en\u00e4oliselt aru, et me pole ju enam 2. klassis. Ja sul on t\u00e4iesti \u00f5igus. Me polegi. Kuid kelle peost see postitus siis ikkagi on? See postitus on meie vana klassijuhataja Reeda klassi ja nende paralleelklassi peost, mida meie korraldasime. See k\u00f5ik algas \u00fchel tavap\u00e4rasel talvep\u00e4eval [&hellip;]<\/p>\n","protected":false},"author":184,"featured_media":0,"comment_status":"closed","ping_status":"open","sticky":false,"template":"","format":"standard","meta":{"footnotes":""},"categories":[1],"tags":[],"class_list":["post-3633","post","type-post","status-publish","format-standard","hentry","category-maaratlemata"],"_links":{"self":[{"href":"https:\/\/www.real.edu.ee\/ajaveeb\/144b\/wp-json\/wp\/v2\/posts\/3633","targetHints":{"allow":["GET"]}}],"collection":[{"href":"https:\/\/www.real.edu.ee\/ajaveeb\/144b\/wp-json\/wp\/v2\/posts"}],"about":[{"href":"https:\/\/www.real.edu.ee\/ajaveeb\/144b\/wp-json\/wp\/v2\/types\/post"}],"author":[{"embeddable":true,"href":"https:\/\/www.real.edu.ee\/ajaveeb\/144b\/wp-json\/wp\/v2\/users\/184"}],"replies":[{"embeddable":true,"href":"https:\/\/www.real.edu.ee\/ajaveeb\/144b\/wp-json\/wp\/v2\/comments?post=3633"}],"version-history":[{"count":2,"href":"https:\/\/www.real.edu.ee\/ajaveeb\/144b\/wp-json\/wp\/v2\/posts\/3633\/revisions"}],"predecessor-version":[{"id":3642,"href":"https:\/\/www.real.edu.ee\/ajaveeb\/144b\/wp-json\/wp\/v2\/posts\/3633\/revisions\/3642"}],"wp:attachment":[{"href":"https:\/\/www.real.edu.ee\/ajaveeb\/144b\/wp-json\/wp\/v2\/media?parent=3633"}],"wp:term":[{"taxonomy":"category","embeddable":true,"href":"https:\/\/www.real.edu.ee\/ajaveeb\/144b\/wp-json\/wp\/v2\/categories?post=3633"},{"taxonomy":"post_tag","embeddable":true,"href":"https:\/\/www.real.edu.ee\/ajaveeb\/144b\/wp-json\/wp\/v2\/tags?post=3633"}],"curies":[{"name":"wp","href":"https:\/\/api.w.org\/{rel}","templated":true}]}}