{"id":2840,"date":"2021-09-15T14:01:09","date_gmt":"2021-09-15T11:01:09","guid":{"rendered":"https:\/\/www.real.edu.ee\/ajaveeb\/144b\/?p=2840"},"modified":"2021-10-07T18:41:39","modified_gmt":"2021-10-07T15:41:39","slug":"ajarannak-aastatesse-1987-1991","status":"publish","type":"post","link":"https:\/\/www.real.edu.ee\/ajaveeb\/144b\/2021\/09\/15\/ajarannak-aastatesse-1987-1991\/","title":{"rendered":"Ajar\u00e4nnak aastatesse 1987-1991"},"content":{"rendered":"<p>Sellel aastal r\u00e4ndasime me Eesti taasiseseisvumise aastatesse ehk aastatesse 1987-1991. Me panime ennast riidesse nii nagu tollel ajal. Samuti me \u00f5ppisime sellel p\u00e4eval palju nende aastate kohta ja selle kohta kuidas Eesti vabaks sai. Me vaatasime iga aasta kohta tehtud videot mille olid teinud g\u00fcmnasistid. Meil oli v\u00e4ga tore ja huvitav p\u00e4ev. P\u00e4eva l\u00f5pus l\u00e4ksime me staadionile ja vaatasime paare esinemisi. L\u00f5puks tuli staadionile laulma Ivo Linna koos Antti Kammistega! Siin on paar fotot sellest.<\/p>\n\n\t\t<style type=\"text\/css\">\n\t\t\t#gallery-1 {\n\t\t\t\tmargin: auto;\n\t\t\t}\n\t\t\t#gallery-1 .gallery-item {\n\t\t\t\tfloat: left;\n\t\t\t\tmargin-top: 10px;\n\t\t\t\ttext-align: center;\n\t\t\t\twidth: 33%;\n\t\t\t}\n\t\t\t#gallery-1 img {\n\t\t\t\tborder: 2px solid #cfcfcf;\n\t\t\t}\n\t\t\t#gallery-1 .gallery-caption {\n\t\t\t\tmargin-left: 0;\n\t\t\t}\n\t\t\t\/* see gallery_shortcode() in wp-includes\/media.php *\/\n\t\t<\/style>\n\t\t<div id='gallery-1' class='gallery galleryid-2840 gallery-columns-3 gallery-size-thumbnail'><dl class='gallery-item'>\n\t\t\t<dt class='gallery-icon landscape'>\n\t\t\t\t<a href='https:\/\/www.real.edu.ee\/ajaveeb\/144b\/2021\/09\/15\/ajarannak-aastatesse-1987-1991\/ajaveeb-ajarannak2\/'><img loading=\"lazy\" decoding=\"async\" width=\"150\" height=\"150\" src=\"https:\/\/www.real.edu.ee\/ajaveeb\/144b\/files\/2021\/10\/ajaveeb-ajarannak2-150x150.jpg\" class=\"attachment-thumbnail size-thumbnail\" alt=\"\" \/><\/a>\n\t\t\t<\/dt><\/dl><dl class='gallery-item'>\n\t\t\t<dt class='gallery-icon portrait'>\n\t\t\t\t<a href='https:\/\/www.real.edu.ee\/ajaveeb\/144b\/2021\/09\/15\/ajarannak-aastatesse-1987-1991\/ajveeb-ajarannak\/'><img loading=\"lazy\" decoding=\"async\" width=\"150\" height=\"150\" src=\"https:\/\/www.real.edu.ee\/ajaveeb\/144b\/files\/2021\/10\/ajveeb-ajarannak-150x150.jpg\" class=\"attachment-thumbnail size-thumbnail\" alt=\"\" \/><\/a>\n\t\t\t<\/dt><\/dl><dl class='gallery-item'>\n\t\t\t<dt class='gallery-icon landscape'>\n\t\t\t\t<a href='https:\/\/www.real.edu.ee\/ajaveeb\/144b\/2021\/09\/15\/ajarannak-aastatesse-1987-1991\/ajaveeb-ajarannak3\/'><img loading=\"lazy\" decoding=\"async\" width=\"150\" height=\"150\" src=\"https:\/\/www.real.edu.ee\/ajaveeb\/144b\/files\/2021\/10\/ajaveeb-ajarannak3-150x150.jpg\" class=\"attachment-thumbnail size-thumbnail\" alt=\"\" \/><\/a>\n\t\t\t<\/dt><\/dl><br style=\"clear: both\" \/>\n\t\t<\/div>\n\n","protected":false},"excerpt":{"rendered":"<p>Sellel aastal r\u00e4ndasime me Eesti taasiseseisvumise aastatesse ehk aastatesse 1987-1991. Me panime ennast riidesse nii nagu tollel ajal. Samuti me \u00f5ppisime sellel p\u00e4eval palju nende aastate kohta ja selle kohta kuidas Eesti vabaks sai. Me vaatasime iga aasta kohta tehtud videot mille olid teinud g\u00fcmnasistid. Meil oli v\u00e4ga tore ja huvitav p\u00e4ev. P\u00e4eva l\u00f5pus l\u00e4ksime [&hellip;]<\/p>\n","protected":false},"author":184,"featured_media":0,"comment_status":"closed","ping_status":"open","sticky":false,"template":"","format":"standard","meta":{"footnotes":""},"categories":[1],"tags":[],"class_list":["post-2840","post","type-post","status-publish","format-standard","hentry","category-maaratlemata"],"_links":{"self":[{"href":"https:\/\/www.real.edu.ee\/ajaveeb\/144b\/wp-json\/wp\/v2\/posts\/2840","targetHints":{"allow":["GET"]}}],"collection":[{"href":"https:\/\/www.real.edu.ee\/ajaveeb\/144b\/wp-json\/wp\/v2\/posts"}],"about":[{"href":"https:\/\/www.real.edu.ee\/ajaveeb\/144b\/wp-json\/wp\/v2\/types\/post"}],"author":[{"embeddable":true,"href":"https:\/\/www.real.edu.ee\/ajaveeb\/144b\/wp-json\/wp\/v2\/users\/184"}],"replies":[{"embeddable":true,"href":"https:\/\/www.real.edu.ee\/ajaveeb\/144b\/wp-json\/wp\/v2\/comments?post=2840"}],"version-history":[{"count":3,"href":"https:\/\/www.real.edu.ee\/ajaveeb\/144b\/wp-json\/wp\/v2\/posts\/2840\/revisions"}],"predecessor-version":[{"id":2864,"href":"https:\/\/www.real.edu.ee\/ajaveeb\/144b\/wp-json\/wp\/v2\/posts\/2840\/revisions\/2864"}],"wp:attachment":[{"href":"https:\/\/www.real.edu.ee\/ajaveeb\/144b\/wp-json\/wp\/v2\/media?parent=2840"}],"wp:term":[{"taxonomy":"category","embeddable":true,"href":"https:\/\/www.real.edu.ee\/ajaveeb\/144b\/wp-json\/wp\/v2\/categories?post=2840"},{"taxonomy":"post_tag","embeddable":true,"href":"https:\/\/www.real.edu.ee\/ajaveeb\/144b\/wp-json\/wp\/v2\/tags?post=2840"}],"curies":[{"name":"wp","href":"https:\/\/api.w.org\/{rel}","templated":true}]}}