{"id":2590,"date":"2021-02-11T15:43:59","date_gmt":"2021-02-11T13:43:59","guid":{"rendered":"http:\/\/www.real.edu.ee\/ajaveeb\/144b\/?p=2590"},"modified":"2021-02-12T15:58:15","modified_gmt":"2021-02-12T13:58:15","slug":"algas-stiilinadal-tanane-teema-oli-kubarad-ja-kaabud","status":"publish","type":"post","link":"https:\/\/www.real.edu.ee\/ajaveeb\/144b\/2021\/02\/11\/algas-stiilinadal-tanane-teema-oli-kubarad-ja-kaabud\/","title":{"rendered":"Algas STIILIN\u00c4DAL! T\u00e4nane teema oli &#8211; K\u00dcBARAD JA KAABUD"},"content":{"rendered":"<p><span style=\"color: #000000\">Taaskord \u00a0on alanud stiilin\u00e4dal. T\u00e4nane teema oli<\/span> <span style=\"color: #ff0000\" data-contrast=\"auto\">k\u00fcbarad ja kaabud<\/span><span data-contrast=\"auto\">! <\/span><span style=\"color: #000000\">Paljud tulid kohale v\u00e4ga uhkete\u00a0ning\u00a0stiilsete k\u00fcbarate ja kaabudega. M\u00f5ndadel oli lause terve riietus kaabule v\u00f5i k\u00fcbarale vastav! Siin on ka m\u00f5ned ilusad j\u00e4\u00e4dvustused selllest.<\/span><\/p>\n\n\t\t<style type=\"text\/css\">\n\t\t\t#gallery-1 {\n\t\t\t\tmargin: auto;\n\t\t\t}\n\t\t\t#gallery-1 .gallery-item {\n\t\t\t\tfloat: left;\n\t\t\t\tmargin-top: 10px;\n\t\t\t\ttext-align: center;\n\t\t\t\twidth: 33%;\n\t\t\t}\n\t\t\t#gallery-1 img {\n\t\t\t\tborder: 2px solid #cfcfcf;\n\t\t\t}\n\t\t\t#gallery-1 .gallery-caption {\n\t\t\t\tmargin-left: 0;\n\t\t\t}\n\t\t\t\/* see gallery_shortcode() in wp-includes\/media.php *\/\n\t\t<\/style>\n\t\t<div id='gallery-1' class='gallery galleryid-2590 gallery-columns-3 gallery-size-thumbnail'><dl class='gallery-item'>\n\t\t\t<dt class='gallery-icon portrait'>\n\t\t\t\t<a href='https:\/\/www.real.edu.ee\/ajaveeb\/144b\/2021\/02\/11\/algas-stiilinadal-tanane-teema-oli-kubarad-ja-kaabud\/tempimageavjutt\/'><img loading=\"lazy\" decoding=\"async\" width=\"150\" height=\"150\" src=\"https:\/\/www.real.edu.ee\/ajaveeb\/144b\/files\/2021\/02\/tempImageavJuTt-150x150.jpg\" class=\"attachment-thumbnail size-thumbnail\" alt=\"\" \/><\/a>\n\t\t\t<\/dt><\/dl><dl class='gallery-item'>\n\t\t\t<dt class='gallery-icon portrait'>\n\t\t\t\t<a href='https:\/\/www.real.edu.ee\/ajaveeb\/144b\/2021\/02\/11\/algas-stiilinadal-tanane-teema-oli-kubarad-ja-kaabud\/tempimage8szvkm\/'><img loading=\"lazy\" decoding=\"async\" width=\"150\" height=\"150\" src=\"https:\/\/www.real.edu.ee\/ajaveeb\/144b\/files\/2021\/02\/tempImage8SzVkM-150x150.jpg\" class=\"attachment-thumbnail size-thumbnail\" alt=\"\" \/><\/a>\n\t\t\t<\/dt><\/dl><dl class='gallery-item'>\n\t\t\t<dt class='gallery-icon portrait'>\n\t\t\t\t<a href='https:\/\/www.real.edu.ee\/ajaveeb\/144b\/2021\/02\/11\/algas-stiilinadal-tanane-teema-oli-kubarad-ja-kaabud\/tempimageks585r\/'><img loading=\"lazy\" decoding=\"async\" width=\"150\" height=\"150\" src=\"https:\/\/www.real.edu.ee\/ajaveeb\/144b\/files\/2021\/02\/tempImagekS585R-150x150.jpg\" class=\"attachment-thumbnail size-thumbnail\" alt=\"\" \/><\/a>\n\t\t\t<\/dt><\/dl><br style=\"clear: both\" \/><dl class='gallery-item'>\n\t\t\t<dt class='gallery-icon portrait'>\n\t\t\t\t<a href='https:\/\/www.real.edu.ee\/ajaveeb\/144b\/2021\/02\/11\/algas-stiilinadal-tanane-teema-oli-kubarad-ja-kaabud\/tempimage4qlhtl\/'><img loading=\"lazy\" decoding=\"async\" width=\"150\" height=\"150\" src=\"https:\/\/www.real.edu.ee\/ajaveeb\/144b\/files\/2021\/02\/tempImage4QLHtL-150x150.jpg\" class=\"attachment-thumbnail size-thumbnail\" alt=\"\" \/><\/a>\n\t\t\t<\/dt><\/dl><dl class='gallery-item'>\n\t\t\t<dt class='gallery-icon portrait'>\n\t\t\t\t<a href='https:\/\/www.real.edu.ee\/ajaveeb\/144b\/2021\/02\/11\/algas-stiilinadal-tanane-teema-oli-kubarad-ja-kaabud\/tempimagehziavv\/'><img loading=\"lazy\" decoding=\"async\" width=\"150\" height=\"150\" src=\"https:\/\/www.real.edu.ee\/ajaveeb\/144b\/files\/2021\/02\/tempImagehzIaVv-150x150.jpg\" class=\"attachment-thumbnail size-thumbnail\" alt=\"\" \/><\/a>\n\t\t\t<\/dt><\/dl><dl class='gallery-item'>\n\t\t\t<dt class='gallery-icon landscape'>\n\t\t\t\t<a href='https:\/\/www.real.edu.ee\/ajaveeb\/144b\/2021\/02\/11\/algas-stiilinadal-tanane-teema-oli-kubarad-ja-kaabud\/tempimagecy0qpz\/'><img loading=\"lazy\" decoding=\"async\" width=\"150\" height=\"150\" src=\"https:\/\/www.real.edu.ee\/ajaveeb\/144b\/files\/2021\/02\/tempImagecy0QpZ-150x150.jpg\" class=\"attachment-thumbnail size-thumbnail\" alt=\"\" aria-describedby=\"gallery-1-2596\" \/><\/a>\n\t\t\t<\/dt>\n\t\t\t\t<dd class='wp-caption-text gallery-caption' id='gallery-1-2596'>\n\t\t\t\tUus ajaveebi tiim!\n\t\t\t\t<\/dd><\/dl><br style=\"clear: both\" \/>\n\t\t<\/div>\n\n<p><span data-ccp-props=\"{&quot;201341983&quot;:0,&quot;335559739&quot;:160,&quot;335559740&quot;:259}\">\u00a0<\/span><\/p>\n","protected":false},"excerpt":{"rendered":"<p>Taaskord \u00a0on alanud stiilin\u00e4dal. T\u00e4nane teema oli k\u00fcbarad ja kaabud! Paljud tulid kohale v\u00e4ga uhkete\u00a0ning\u00a0stiilsete k\u00fcbarate ja kaabudega. M\u00f5ndadel oli lause terve riietus kaabule v\u00f5i k\u00fcbarale vastav! Siin on ka m\u00f5ned ilusad j\u00e4\u00e4dvustused selllest. \u00a0<\/p>\n","protected":false},"author":184,"featured_media":0,"comment_status":"closed","ping_status":"open","sticky":false,"template":"","format":"standard","meta":{"footnotes":""},"categories":[1],"tags":[],"class_list":["post-2590","post","type-post","status-publish","format-standard","hentry","category-maaratlemata"],"_links":{"self":[{"href":"https:\/\/www.real.edu.ee\/ajaveeb\/144b\/wp-json\/wp\/v2\/posts\/2590","targetHints":{"allow":["GET"]}}],"collection":[{"href":"https:\/\/www.real.edu.ee\/ajaveeb\/144b\/wp-json\/wp\/v2\/posts"}],"about":[{"href":"https:\/\/www.real.edu.ee\/ajaveeb\/144b\/wp-json\/wp\/v2\/types\/post"}],"author":[{"embeddable":true,"href":"https:\/\/www.real.edu.ee\/ajaveeb\/144b\/wp-json\/wp\/v2\/users\/184"}],"replies":[{"embeddable":true,"href":"https:\/\/www.real.edu.ee\/ajaveeb\/144b\/wp-json\/wp\/v2\/comments?post=2590"}],"version-history":[{"count":1,"href":"https:\/\/www.real.edu.ee\/ajaveeb\/144b\/wp-json\/wp\/v2\/posts\/2590\/revisions"}],"predecessor-version":[{"id":2598,"href":"https:\/\/www.real.edu.ee\/ajaveeb\/144b\/wp-json\/wp\/v2\/posts\/2590\/revisions\/2598"}],"wp:attachment":[{"href":"https:\/\/www.real.edu.ee\/ajaveeb\/144b\/wp-json\/wp\/v2\/media?parent=2590"}],"wp:term":[{"taxonomy":"category","embeddable":true,"href":"https:\/\/www.real.edu.ee\/ajaveeb\/144b\/wp-json\/wp\/v2\/categories?post=2590"},{"taxonomy":"post_tag","embeddable":true,"href":"https:\/\/www.real.edu.ee\/ajaveeb\/144b\/wp-json\/wp\/v2\/tags?post=2590"}],"curies":[{"name":"wp","href":"https:\/\/api.w.org\/{rel}","templated":true}]}}