{"id":1949,"date":"2020-03-19T09:48:12","date_gmt":"2020-03-19T07:48:12","guid":{"rendered":"http:\/\/www.real.edu.ee\/ajaveeb\/144b\/?p=1949"},"modified":"2020-03-19T09:54:57","modified_gmt":"2020-03-19T07:54:57","slug":"homme-algab-kevad","status":"publish","type":"post","link":"https:\/\/www.real.edu.ee\/ajaveeb\/144b\/2020\/03\/19\/homme-algab-kevad\/","title":{"rendered":"Homme algab kevad!"},"content":{"rendered":"<div class=\"news-content\">\n<p><span style=\"color: #ff0000\">Kohe, kohe algab kevad! (20.m\u00e4rts kell 5.46)<br \/>\n<\/span><\/p>\n<p><span style=\"color: #008000\">Kaug\u00f5ppetundide vahele soovitavad kehalise kasvatuse \u00f5petajad jalutusk\u00e4ike pargis, aias ja looduses.<\/span><br \/>\n<span style=\"color: #008000\">M\u00e4rkame koos kevade tulekut ja kogume kaardile kevadeleiud \u2013 t\u00e4rganud lilled, puhkenud pungad, linnud, pilved \u2026 Nii saavad loodus\u00f5petuse ja bioloogia ja geograafia teadmised ka arendatud.<\/span><\/p>\n<p><span style=\"color: #008000\">Jagame \u00fcksteisega kevader\u00f5\u00f5mu! Lisa <strong><span style=\"color: #ff0000\"><a style=\"color: #ff0000\" href=\"https:\/\/www.google.com\/maps\/d\/u\/0\/edit?mid=1c-3TCWNqbBmLejSJjiTepDnk5bQBZ-AI&amp;ll=59.080460239322676%2C24.14121316299918&amp;z=8\" target=\"_blank\" rel=\"noopener noreferrer\">kaardile<\/a><\/span><\/strong> kevadeleiu asukoht ja v\u00e4ike kirjeldus. Ligip\u00e4\u00e4s kaardile real.edu.ee e-posti aadressiga.<\/span><\/p>\n<p><em>Piret Karu<\/em><\/p>\n<p>&nbsp;<\/p>\n\n\t\t<style type=\"text\/css\">\n\t\t\t#gallery-1 {\n\t\t\t\tmargin: auto;\n\t\t\t}\n\t\t\t#gallery-1 .gallery-item {\n\t\t\t\tfloat: left;\n\t\t\t\tmargin-top: 10px;\n\t\t\t\ttext-align: center;\n\t\t\t\twidth: 100%;\n\t\t\t}\n\t\t\t#gallery-1 img {\n\t\t\t\tborder: 2px solid #cfcfcf;\n\t\t\t}\n\t\t\t#gallery-1 .gallery-caption {\n\t\t\t\tmargin-left: 0;\n\t\t\t}\n\t\t\t\/* see gallery_shortcode() in wp-includes\/media.php *\/\n\t\t<\/style>\n\t\t<div id='gallery-1' class='gallery galleryid-1949 gallery-columns-1 gallery-size-medium'><dl class='gallery-item'>\n\t\t\t<dt class='gallery-icon landscape'>\n\t\t\t\t<a href='https:\/\/www.real.edu.ee\/ajaveeb\/144b\/2020\/03\/19\/homme-algab-kevad\/20200319_092819\/'><img loading=\"lazy\" decoding=\"async\" width=\"300\" height=\"225\" src=\"https:\/\/www.real.edu.ee\/ajaveeb\/144b\/files\/2020\/03\/20200319_092819-300x225.jpg\" class=\"attachment-medium size-medium\" alt=\"\" aria-describedby=\"gallery-1-1950\" srcset=\"https:\/\/www.real.edu.ee\/ajaveeb\/144b\/files\/2020\/03\/20200319_092819-300x225.jpg 300w, https:\/\/www.real.edu.ee\/ajaveeb\/144b\/files\/2020\/03\/20200319_092819-1024x768.jpg 1024w, https:\/\/www.real.edu.ee\/ajaveeb\/144b\/files\/2020\/03\/20200319_092819-768x576.jpg 768w, https:\/\/www.real.edu.ee\/ajaveeb\/144b\/files\/2020\/03\/20200319_092819-1536x1152.jpg 1536w, https:\/\/www.real.edu.ee\/ajaveeb\/144b\/files\/2020\/03\/20200319_092819-2048x1536.jpg 2048w\" sizes=\"auto, (max-width: 300px) 100vw, 300px\" \/><\/a>\n\t\t\t<\/dt>\n\t\t\t\t<dd class='wp-caption-text gallery-caption' id='gallery-1-1950'>\n\t\t\t\tHarilik sinilill \u00f5itseb 15. m\u00e4rtsist \u00f5p Reeda maakodus\n\t\t\t\t<\/dd><\/dl><br style=\"clear: both\" \/>\n\t\t<\/div>\n\n<\/div>\n","protected":false},"excerpt":{"rendered":"<p>Kohe, kohe algab kevad! (20.m\u00e4rts kell 5.46) Kaug\u00f5ppetundide vahele soovitavad kehalise kasvatuse \u00f5petajad jalutusk\u00e4ike pargis, aias ja looduses. M\u00e4rkame koos kevade tulekut ja kogume kaardile kevadeleiud \u2013 t\u00e4rganud lilled, puhkenud pungad, linnud, pilved \u2026 Nii saavad loodus\u00f5petuse ja bioloogia ja geograafia teadmised ka arendatud. Jagame \u00fcksteisega kevader\u00f5\u00f5mu! Lisa kaardile kevadeleiu asukoht ja v\u00e4ike kirjeldus. Ligip\u00e4\u00e4s [&hellip;]<\/p>\n","protected":false},"author":71,"featured_media":0,"comment_status":"closed","ping_status":"open","sticky":false,"template":"","format":"standard","meta":{"footnotes":""},"categories":[1],"tags":[],"class_list":["post-1949","post","type-post","status-publish","format-standard","hentry","category-maaratlemata"],"_links":{"self":[{"href":"https:\/\/www.real.edu.ee\/ajaveeb\/144b\/wp-json\/wp\/v2\/posts\/1949","targetHints":{"allow":["GET"]}}],"collection":[{"href":"https:\/\/www.real.edu.ee\/ajaveeb\/144b\/wp-json\/wp\/v2\/posts"}],"about":[{"href":"https:\/\/www.real.edu.ee\/ajaveeb\/144b\/wp-json\/wp\/v2\/types\/post"}],"author":[{"embeddable":true,"href":"https:\/\/www.real.edu.ee\/ajaveeb\/144b\/wp-json\/wp\/v2\/users\/71"}],"replies":[{"embeddable":true,"href":"https:\/\/www.real.edu.ee\/ajaveeb\/144b\/wp-json\/wp\/v2\/comments?post=1949"}],"version-history":[{"count":3,"href":"https:\/\/www.real.edu.ee\/ajaveeb\/144b\/wp-json\/wp\/v2\/posts\/1949\/revisions"}],"predecessor-version":[{"id":1954,"href":"https:\/\/www.real.edu.ee\/ajaveeb\/144b\/wp-json\/wp\/v2\/posts\/1949\/revisions\/1954"}],"wp:attachment":[{"href":"https:\/\/www.real.edu.ee\/ajaveeb\/144b\/wp-json\/wp\/v2\/media?parent=1949"}],"wp:term":[{"taxonomy":"category","embeddable":true,"href":"https:\/\/www.real.edu.ee\/ajaveeb\/144b\/wp-json\/wp\/v2\/categories?post=1949"},{"taxonomy":"post_tag","embeddable":true,"href":"https:\/\/www.real.edu.ee\/ajaveeb\/144b\/wp-json\/wp\/v2\/tags?post=1949"}],"curies":[{"name":"wp","href":"https:\/\/api.w.org\/{rel}","templated":true}]}}