{"id":1582,"date":"2019-06-11T11:24:14","date_gmt":"2019-06-11T08:24:14","guid":{"rendered":"http:\/\/www.real.edu.ee\/ajaveeb\/144b\/?p=1582"},"modified":"2019-06-18T08:58:35","modified_gmt":"2019-06-18T05:58:35","slug":"viimasel-koolipaeval","status":"publish","type":"post","link":"https:\/\/www.real.edu.ee\/ajaveeb\/144b\/2019\/06\/11\/viimasel-koolipaeval\/","title":{"rendered":"Viimasel koolip\u00e4eval.."},"content":{"rendered":"\n<p>&#8230;saime kell 9.00 kokku klassijuhataja tunnis. R\u00e4\u00e4kisime, mida tahaksime teha 3ndas klassis k\u00e4ies ja tutvustasime oma kodut\u00f6id. <\/p>\n\n\n\n<p>Seej\u00e4rel kroonisime k\u00f5iki kordam\u00f6\u00f6da KUNINGAKS ning kiitsime tema h\u00e4id omadusi klassikaaslasena. <\/p>\n\n\n\n<p>Muidugi sai iga \u00f5ppija selles tunnis ka tunnistuse, mida asuti kohe hoolega lugema ja loetut m\u00f5testades ka  j\u00e4rgmiseks aastaks \u00f5ppimisplaane tegema.<\/p>\n\n\n\n<p>Seej\u00e4rel tegime \u00fche uhke grupikalli ja l\u00e4ksime aktusele kooli staadionil.<\/p>\n\n\n\n<p>Aktuselt tulles \u00f5nnitlesime suve s\u00fcnnip\u00e4evalapsi ning lugesime veel suvevaheajani j\u00e4\u00e4nud sekundeid: 10, 9, 8&#8230;.. <\/p>\n\n\n\n<p><span style=\"color:#7bdcb5\" class=\"tadv-color\">Ja siis, kell 11.06 ta algas: SUVEVAHEAEG<\/span><\/p>\n\n\n\n<figure class=\"wp-block-image\"><img loading=\"lazy\" decoding=\"async\" width=\"1024\" height=\"768\" src=\"http:\/\/www.real.edu.ee\/ajaveeb\/144b\/files\/2019\/06\/IMG_4640-1024x768.jpg\" alt=\"\" class=\"wp-image-1583\" srcset=\"https:\/\/www.real.edu.ee\/ajaveeb\/144b\/files\/2019\/06\/IMG_4640-1024x768.jpg 1024w, https:\/\/www.real.edu.ee\/ajaveeb\/144b\/files\/2019\/06\/IMG_4640-300x225.jpg 300w, https:\/\/www.real.edu.ee\/ajaveeb\/144b\/files\/2019\/06\/IMG_4640-768x576.jpg 768w, https:\/\/www.real.edu.ee\/ajaveeb\/144b\/files\/2019\/06\/IMG_4640.jpg 1600w\" sizes=\"auto, (max-width: 1024px) 100vw, 1024px\" \/><\/figure>\n\n\n\n<ul class=\"wp-block-gallery columns-1 is-cropped wp-block-gallery-1 is-layout-flex wp-block-gallery-is-layout-flex\"><li class=\"blocks-gallery-item\"><figure><img loading=\"lazy\" decoding=\"async\" width=\"1024\" height=\"768\" src=\"http:\/\/www.real.edu.ee\/ajaveeb\/144b\/files\/2019\/06\/IMG_4650-1024x768.jpg\" alt=\"\" data-id=\"1585\" data-link=\"http:\/\/www.real.edu.ee\/ajaveeb\/144b\/?attachment_id=1585\" class=\"wp-image-1585\" srcset=\"https:\/\/www.real.edu.ee\/ajaveeb\/144b\/files\/2019\/06\/IMG_4650-1024x768.jpg 1024w, https:\/\/www.real.edu.ee\/ajaveeb\/144b\/files\/2019\/06\/IMG_4650-300x225.jpg 300w, https:\/\/www.real.edu.ee\/ajaveeb\/144b\/files\/2019\/06\/IMG_4650-768x576.jpg 768w, https:\/\/www.real.edu.ee\/ajaveeb\/144b\/files\/2019\/06\/IMG_4650.jpg 1600w\" sizes=\"auto, (max-width: 1024px) 100vw, 1024px\" \/><figcaption>Auhind r\u00f5\u00f5mustas meid k\u00f5iki!<\/figcaption><\/figure><\/li><\/ul>\n\n\n\n<ul class=\"wp-block-gallery columns-1 is-cropped wp-block-gallery-2 is-layout-flex wp-block-gallery-is-layout-flex\"><li class=\"blocks-gallery-item\"><figure><img loading=\"lazy\" decoding=\"async\" width=\"1024\" height=\"683\" src=\"http:\/\/www.real.edu.ee\/ajaveeb\/144b\/files\/2019\/06\/3309D-1024x683.jpg\" alt=\"\" data-id=\"1588\" data-link=\"http:\/\/www.real.edu.ee\/ajaveeb\/144b\/2019\/06\/11\/viimasel-koolipaeval\/3309d\/\" class=\"wp-image-1588\" srcset=\"https:\/\/www.real.edu.ee\/ajaveeb\/144b\/files\/2019\/06\/3309D-1024x683.jpg 1024w, https:\/\/www.real.edu.ee\/ajaveeb\/144b\/files\/2019\/06\/3309D-300x200.jpg 300w, https:\/\/www.real.edu.ee\/ajaveeb\/144b\/files\/2019\/06\/3309D-768x512.jpg 768w\" sizes=\"auto, (max-width: 1024px) 100vw, 1024px\" \/><figcaption>Foto: Ingrid Kuusk<\/figcaption><\/figure><\/li><\/ul>\n","protected":false},"excerpt":{"rendered":"<p>&#8230;saime kell 9.00 kokku klassijuhataja tunnis. R\u00e4\u00e4kisime, mida tahaksime teha 3ndas klassis k\u00e4ies ja tutvustasime oma kodut\u00f6id. Seej\u00e4rel kroonisime k\u00f5iki kordam\u00f6\u00f6da KUNINGAKS ning kiitsime tema h\u00e4id omadusi klassikaaslasena. Muidugi sai iga \u00f5ppija selles tunnis ka tunnistuse, mida asuti kohe hoolega lugema ja loetut m\u00f5testades ka j\u00e4rgmiseks aastaks \u00f5ppimisplaane tegema. Seej\u00e4rel tegime \u00fche uhke grupikalli ja [&hellip;]<\/p>\n","protected":false},"author":71,"featured_media":0,"comment_status":"closed","ping_status":"open","sticky":false,"template":"","format":"standard","meta":{"footnotes":""},"categories":[1],"tags":[],"class_list":["post-1582","post","type-post","status-publish","format-standard","hentry","category-maaratlemata"],"_links":{"self":[{"href":"https:\/\/www.real.edu.ee\/ajaveeb\/144b\/wp-json\/wp\/v2\/posts\/1582","targetHints":{"allow":["GET"]}}],"collection":[{"href":"https:\/\/www.real.edu.ee\/ajaveeb\/144b\/wp-json\/wp\/v2\/posts"}],"about":[{"href":"https:\/\/www.real.edu.ee\/ajaveeb\/144b\/wp-json\/wp\/v2\/types\/post"}],"author":[{"embeddable":true,"href":"https:\/\/www.real.edu.ee\/ajaveeb\/144b\/wp-json\/wp\/v2\/users\/71"}],"replies":[{"embeddable":true,"href":"https:\/\/www.real.edu.ee\/ajaveeb\/144b\/wp-json\/wp\/v2\/comments?post=1582"}],"version-history":[{"count":4,"href":"https:\/\/www.real.edu.ee\/ajaveeb\/144b\/wp-json\/wp\/v2\/posts\/1582\/revisions"}],"predecessor-version":[{"id":1591,"href":"https:\/\/www.real.edu.ee\/ajaveeb\/144b\/wp-json\/wp\/v2\/posts\/1582\/revisions\/1591"}],"wp:attachment":[{"href":"https:\/\/www.real.edu.ee\/ajaveeb\/144b\/wp-json\/wp\/v2\/media?parent=1582"}],"wp:term":[{"taxonomy":"category","embeddable":true,"href":"https:\/\/www.real.edu.ee\/ajaveeb\/144b\/wp-json\/wp\/v2\/categories?post=1582"},{"taxonomy":"post_tag","embeddable":true,"href":"https:\/\/www.real.edu.ee\/ajaveeb\/144b\/wp-json\/wp\/v2\/tags?post=1582"}],"curies":[{"name":"wp","href":"https:\/\/api.w.org\/{rel}","templated":true}]}}