{"id":511,"date":"2018-06-07T10:24:23","date_gmt":"2018-06-07T07:24:23","guid":{"rendered":"http:\/\/www.real.edu.ee\/ajaveeb\/144a\/?p=511"},"modified":"2018-06-11T10:29:50","modified_gmt":"2018-06-11T07:29:50","slug":"oppekaik-kadrioru-pargis","status":"publish","type":"post","link":"https:\/\/www.real.edu.ee\/ajaveeb\/144a\/2018\/06\/07\/oppekaik-kadrioru-pargis\/","title":{"rendered":"\u00d5ppek\u00e4ik Kadrioru pargis."},"content":{"rendered":"<p>Oleme R-\u00f5ppes tutvunud sel aastal paljude pargipuudega. N\u00fc\u00fcd k\u00e4isime Tallinna k\u00f5ige uhkemas pargis. S\u00f5itsime sinna koguni trammiga ja tulime suurep\u00e4raselt toime \u00fchistranspordis k\u00e4itumisega &#8211; tublid nagu me oleme. Algul tuletasime lapsep\u00f5lve meelde m\u00e4nguv\u00e4ljakul ja seej\u00e4rel imetlesime Kadrioru pargi kaunist kujundust.<\/p>\n<p><img loading=\"lazy\" decoding=\"async\" class=\"alignnone size-medium wp-image-503\" src=\"http:\/\/www.real.edu.ee\/ajaveeb\/144a\/files\/2018\/06\/20180607_105444-1-300x169.jpg\" alt=\"\" width=\"300\" height=\"169\" srcset=\"https:\/\/www.real.edu.ee\/ajaveeb\/144a\/files\/2018\/06\/20180607_105444-1-300x169.jpg 300w, https:\/\/www.real.edu.ee\/ajaveeb\/144a\/files\/2018\/06\/20180607_105444-1-768x432.jpg 768w, https:\/\/www.real.edu.ee\/ajaveeb\/144a\/files\/2018\/06\/20180607_105444-1-1024x576.jpg 1024w\" sizes=\"auto, (max-width: 300px) 100vw, 300px\" \/> <img loading=\"lazy\" decoding=\"async\" class=\"alignnone size-medium wp-image-504\" src=\"http:\/\/www.real.edu.ee\/ajaveeb\/144a\/files\/2018\/06\/20180607_110807-300x169.jpg\" alt=\"\" width=\"300\" height=\"169\" srcset=\"https:\/\/www.real.edu.ee\/ajaveeb\/144a\/files\/2018\/06\/20180607_110807-300x169.jpg 300w, https:\/\/www.real.edu.ee\/ajaveeb\/144a\/files\/2018\/06\/20180607_110807-768x432.jpg 768w, https:\/\/www.real.edu.ee\/ajaveeb\/144a\/files\/2018\/06\/20180607_110807-1024x576.jpg 1024w\" sizes=\"auto, (max-width: 300px) 100vw, 300px\" \/><\/p>\n","protected":false},"excerpt":{"rendered":"<p>Oleme R-\u00f5ppes tutvunud sel aastal paljude pargipuudega. N\u00fc\u00fcd k\u00e4isime Tallinna k\u00f5ige uhkemas pargis. S\u00f5itsime sinna koguni trammiga ja tulime suurep\u00e4raselt toime \u00fchistranspordis k\u00e4itumisega &#8211; tublid nagu me oleme. Algul tuletasime lapsep\u00f5lve meelde m\u00e4nguv\u00e4ljakul ja seej\u00e4rel imetlesime Kadrioru pargi kaunist kujundust.<\/p>\n","protected":false},"author":72,"featured_media":0,"comment_status":"closed","ping_status":"open","sticky":false,"template":"","format":"standard","meta":{"footnotes":""},"categories":[1],"tags":[],"class_list":["post-511","post","type-post","status-publish","format-standard","hentry","category-maaratlemata"],"_links":{"self":[{"href":"https:\/\/www.real.edu.ee\/ajaveeb\/144a\/wp-json\/wp\/v2\/posts\/511","targetHints":{"allow":["GET"]}}],"collection":[{"href":"https:\/\/www.real.edu.ee\/ajaveeb\/144a\/wp-json\/wp\/v2\/posts"}],"about":[{"href":"https:\/\/www.real.edu.ee\/ajaveeb\/144a\/wp-json\/wp\/v2\/types\/post"}],"author":[{"embeddable":true,"href":"https:\/\/www.real.edu.ee\/ajaveeb\/144a\/wp-json\/wp\/v2\/users\/72"}],"replies":[{"embeddable":true,"href":"https:\/\/www.real.edu.ee\/ajaveeb\/144a\/wp-json\/wp\/v2\/comments?post=511"}],"version-history":[{"count":1,"href":"https:\/\/www.real.edu.ee\/ajaveeb\/144a\/wp-json\/wp\/v2\/posts\/511\/revisions"}],"predecessor-version":[{"id":512,"href":"https:\/\/www.real.edu.ee\/ajaveeb\/144a\/wp-json\/wp\/v2\/posts\/511\/revisions\/512"}],"wp:attachment":[{"href":"https:\/\/www.real.edu.ee\/ajaveeb\/144a\/wp-json\/wp\/v2\/media?parent=511"}],"wp:term":[{"taxonomy":"category","embeddable":true,"href":"https:\/\/www.real.edu.ee\/ajaveeb\/144a\/wp-json\/wp\/v2\/categories?post=511"},{"taxonomy":"post_tag","embeddable":true,"href":"https:\/\/www.real.edu.ee\/ajaveeb\/144a\/wp-json\/wp\/v2\/tags?post=511"}],"curies":[{"name":"wp","href":"https:\/\/api.w.org\/{rel}","templated":true}]}}