{"id":438,"date":"2018-05-28T13:53:51","date_gmt":"2018-05-28T10:53:51","guid":{"rendered":"http:\/\/www.real.edu.ee\/ajaveeb\/144a\/?p=438"},"modified":"2018-05-28T13:53:51","modified_gmt":"2018-05-28T10:53:51","slug":"oppekaik-kevadisse-parki","status":"publish","type":"post","link":"https:\/\/www.real.edu.ee\/ajaveeb\/144a\/2018\/05\/28\/oppekaik-kevadisse-parki\/","title":{"rendered":"\u00d5ppek\u00e4ik kevadisse parki"},"content":{"rendered":"<p>Imekaunis kevadkuu meelitas meid \u00f5ppek\u00e4igule Toompeale, kus saime l\u00f5plikult selgeks, missugune on park. Valisime r\u00fchma peale\u00a0 meeldiva lehtpuu.Vaatlesime ja j\u00e4tsime k\u00f5ik vajaliku meelde, et p\u00e4rast klassis vastavat t\u00f6\u00f6lehte t\u00e4ita.<\/p>\n<p><img loading=\"lazy\" decoding=\"async\" class=\"alignnone size-medium wp-image-439\" src=\"http:\/\/www.real.edu.ee\/ajaveeb\/144a\/files\/2018\/05\/20180525_095148-300x169.jpg\" alt=\"\" width=\"300\" height=\"169\" srcset=\"https:\/\/www.real.edu.ee\/ajaveeb\/144a\/files\/2018\/05\/20180525_095148-300x169.jpg 300w, https:\/\/www.real.edu.ee\/ajaveeb\/144a\/files\/2018\/05\/20180525_095148-768x432.jpg 768w, https:\/\/www.real.edu.ee\/ajaveeb\/144a\/files\/2018\/05\/20180525_095148-1024x576.jpg 1024w\" sizes=\"auto, (max-width: 300px) 100vw, 300px\" \/> <img loading=\"lazy\" decoding=\"async\" class=\"alignnone size-medium wp-image-440\" src=\"http:\/\/www.real.edu.ee\/ajaveeb\/144a\/files\/2018\/05\/20180525_095232-300x169.jpg\" alt=\"\" width=\"300\" height=\"169\" srcset=\"https:\/\/www.real.edu.ee\/ajaveeb\/144a\/files\/2018\/05\/20180525_095232-300x169.jpg 300w, https:\/\/www.real.edu.ee\/ajaveeb\/144a\/files\/2018\/05\/20180525_095232-768x432.jpg 768w, https:\/\/www.real.edu.ee\/ajaveeb\/144a\/files\/2018\/05\/20180525_095232-1024x576.jpg 1024w\" sizes=\"auto, (max-width: 300px) 100vw, 300px\" \/> <img loading=\"lazy\" decoding=\"async\" class=\"alignnone size-medium wp-image-441\" src=\"http:\/\/www.real.edu.ee\/ajaveeb\/144a\/files\/2018\/05\/20180525_095451-300x169.jpg\" alt=\"\" width=\"300\" height=\"169\" srcset=\"https:\/\/www.real.edu.ee\/ajaveeb\/144a\/files\/2018\/05\/20180525_095451-300x169.jpg 300w, https:\/\/www.real.edu.ee\/ajaveeb\/144a\/files\/2018\/05\/20180525_095451-768x432.jpg 768w, https:\/\/www.real.edu.ee\/ajaveeb\/144a\/files\/2018\/05\/20180525_095451-1024x576.jpg 1024w\" sizes=\"auto, (max-width: 300px) 100vw, 300px\" \/> <img loading=\"lazy\" decoding=\"async\" class=\"alignnone size-medium wp-image-442\" src=\"http:\/\/www.real.edu.ee\/ajaveeb\/144a\/files\/2018\/05\/20180525_095538-300x169.jpg\" alt=\"\" width=\"300\" height=\"169\" srcset=\"https:\/\/www.real.edu.ee\/ajaveeb\/144a\/files\/2018\/05\/20180525_095538-300x169.jpg 300w, https:\/\/www.real.edu.ee\/ajaveeb\/144a\/files\/2018\/05\/20180525_095538-768x432.jpg 768w, https:\/\/www.real.edu.ee\/ajaveeb\/144a\/files\/2018\/05\/20180525_095538-1024x576.jpg 1024w\" sizes=\"auto, (max-width: 300px) 100vw, 300px\" \/><\/p>\n<p><strong><span style=\"color: #0000ff\">Kas sina tunned \u00e4ra \u00f5ie j\u00e4rgi puu, mis kujunes meie klassi lemmikuks?<\/span><\/strong><\/p>\n<p><img loading=\"lazy\" decoding=\"async\" class=\"alignnone size-medium wp-image-443\" src=\"http:\/\/www.real.edu.ee\/ajaveeb\/144a\/files\/2018\/05\/20180525_095547-300x169.jpg\" alt=\"\" width=\"300\" height=\"169\" srcset=\"https:\/\/www.real.edu.ee\/ajaveeb\/144a\/files\/2018\/05\/20180525_095547-300x169.jpg 300w, https:\/\/www.real.edu.ee\/ajaveeb\/144a\/files\/2018\/05\/20180525_095547-768x432.jpg 768w, https:\/\/www.real.edu.ee\/ajaveeb\/144a\/files\/2018\/05\/20180525_095547-1024x576.jpg 1024w\" sizes=\"auto, (max-width: 300px) 100vw, 300px\" \/><\/p>\n","protected":false},"excerpt":{"rendered":"<p>Imekaunis kevadkuu meelitas meid \u00f5ppek\u00e4igule Toompeale, kus saime l\u00f5plikult selgeks, missugune on park. Valisime r\u00fchma peale\u00a0 meeldiva lehtpuu.Vaatlesime ja j\u00e4tsime k\u00f5ik vajaliku meelde, et p\u00e4rast klassis vastavat t\u00f6\u00f6lehte t\u00e4ita. Kas sina tunned \u00e4ra \u00f5ie j\u00e4rgi puu, mis kujunes meie klassi lemmikuks?<\/p>\n","protected":false},"author":72,"featured_media":0,"comment_status":"closed","ping_status":"open","sticky":false,"template":"","format":"standard","meta":{"footnotes":""},"categories":[1],"tags":[],"class_list":["post-438","post","type-post","status-publish","format-standard","hentry","category-maaratlemata"],"_links":{"self":[{"href":"https:\/\/www.real.edu.ee\/ajaveeb\/144a\/wp-json\/wp\/v2\/posts\/438","targetHints":{"allow":["GET"]}}],"collection":[{"href":"https:\/\/www.real.edu.ee\/ajaveeb\/144a\/wp-json\/wp\/v2\/posts"}],"about":[{"href":"https:\/\/www.real.edu.ee\/ajaveeb\/144a\/wp-json\/wp\/v2\/types\/post"}],"author":[{"embeddable":true,"href":"https:\/\/www.real.edu.ee\/ajaveeb\/144a\/wp-json\/wp\/v2\/users\/72"}],"replies":[{"embeddable":true,"href":"https:\/\/www.real.edu.ee\/ajaveeb\/144a\/wp-json\/wp\/v2\/comments?post=438"}],"version-history":[{"count":2,"href":"https:\/\/www.real.edu.ee\/ajaveeb\/144a\/wp-json\/wp\/v2\/posts\/438\/revisions"}],"predecessor-version":[{"id":445,"href":"https:\/\/www.real.edu.ee\/ajaveeb\/144a\/wp-json\/wp\/v2\/posts\/438\/revisions\/445"}],"wp:attachment":[{"href":"https:\/\/www.real.edu.ee\/ajaveeb\/144a\/wp-json\/wp\/v2\/media?parent=438"}],"wp:term":[{"taxonomy":"category","embeddable":true,"href":"https:\/\/www.real.edu.ee\/ajaveeb\/144a\/wp-json\/wp\/v2\/categories?post=438"},{"taxonomy":"post_tag","embeddable":true,"href":"https:\/\/www.real.edu.ee\/ajaveeb\/144a\/wp-json\/wp\/v2\/tags?post=438"}],"curies":[{"name":"wp","href":"https:\/\/api.w.org\/{rel}","templated":true}]}}