{"id":2433,"date":"2021-10-06T08:44:12","date_gmt":"2021-10-06T05:44:12","guid":{"rendered":"https:\/\/www.real.edu.ee\/ajaveeb\/144a\/?p=2433"},"modified":"2023-06-08T15:33:36","modified_gmt":"2023-06-08T12:33:36","slug":"reaal-140","status":"publish","type":"post","link":"https:\/\/www.real.edu.ee\/ajaveeb\/144a\/2021\/10\/06\/reaal-140\/","title":{"rendered":"Reaal 140!"},"content":{"rendered":"<p><span style=\"font-size: 12pt\">Sellel kolmap\u00e4eval sai meie kooli asutamisest <span style=\"color: #cc99ff\"><span style=\"color: #800000\">140 <\/span><span style=\"color: #000000\"><span style=\"color: #800000\">\u00a0<\/span>aastat ja selle puhul\u00a0<\/span> <span style=\"color: #000000\">toimus Noblessneri valukojas kontsert!<\/span><\/span><\/span><\/p>\n<p>Meie klass esines laulude, tantsude ja pillim\u00e4nguga.<\/p>\n\n\t\t<style type=\"text\/css\">\n\t\t\t#gallery-1 {\n\t\t\t\tmargin: auto;\n\t\t\t}\n\t\t\t#gallery-1 .gallery-item {\n\t\t\t\tfloat: left;\n\t\t\t\tmargin-top: 10px;\n\t\t\t\ttext-align: center;\n\t\t\t\twidth: 33%;\n\t\t\t}\n\t\t\t#gallery-1 img {\n\t\t\t\tborder: 2px solid #cfcfcf;\n\t\t\t}\n\t\t\t#gallery-1 .gallery-caption {\n\t\t\t\tmargin-left: 0;\n\t\t\t}\n\t\t\t\/* see gallery_shortcode() in wp-includes\/media.php *\/\n\t\t<\/style>\n\t\t<div id='gallery-1' class='gallery galleryid-2433 gallery-columns-3 gallery-size-thumbnail'><dl class='gallery-item'>\n\t\t\t<dt class='gallery-icon landscape'>\n\t\t\t\t<a href='https:\/\/www.real.edu.ee\/ajaveeb\/144a\/2021\/10\/06\/reaal-140\/20211002_194003\/'><img loading=\"lazy\" decoding=\"async\" width=\"150\" height=\"150\" src=\"https:\/\/www.real.edu.ee\/ajaveeb\/144a\/files\/2021\/10\/20211002_194003-150x150.jpg\" class=\"attachment-thumbnail size-thumbnail\" alt=\"\" aria-describedby=\"gallery-1-2448\" \/><\/a>\n\t\t\t<\/dt>\n\t\t\t\t<dd class='wp-caption-text gallery-caption' id='gallery-1-2448'>\n\t\t\t\tLauljad\n\t\t\t\t<\/dd><\/dl><dl class='gallery-item'>\n\t\t\t<dt class='gallery-icon landscape'>\n\t\t\t\t<a href='https:\/\/www.real.edu.ee\/ajaveeb\/144a\/2021\/10\/06\/reaal-140\/20211002_183247\/'><img loading=\"lazy\" decoding=\"async\" width=\"150\" height=\"150\" src=\"https:\/\/www.real.edu.ee\/ajaveeb\/144a\/files\/2021\/10\/20211002_183247-150x150.jpg\" class=\"attachment-thumbnail size-thumbnail\" alt=\"\" aria-describedby=\"gallery-1-2447\" \/><\/a>\n\t\t\t<\/dt>\n\t\t\t\t<dd class='wp-caption-text gallery-caption' id='gallery-1-2447'>\n\t\t\t\tPillim\u00e4ng\n\t\t\t\t<\/dd><\/dl><dl class='gallery-item'>\n\t\t\t<dt class='gallery-icon landscape'>\n\t\t\t\t<a href='https:\/\/www.real.edu.ee\/ajaveeb\/144a\/2021\/10\/06\/reaal-140\/20211002_183822\/'><img loading=\"lazy\" decoding=\"async\" width=\"150\" height=\"150\" src=\"https:\/\/www.real.edu.ee\/ajaveeb\/144a\/files\/2021\/10\/20211002_183822-150x150.jpg\" class=\"attachment-thumbnail size-thumbnail\" alt=\"\" aria-describedby=\"gallery-1-2441\" \/><\/a>\n\t\t\t<\/dt>\n\t\t\t\t<dd class='wp-caption-text gallery-caption' id='gallery-1-2441'>\n\t\t\t\tTantsijad\n\t\t\t\t<\/dd><\/dl><br style=\"clear: both\" \/>\n\t\t<\/div>\n\n<p>Olime kavas kolmandad esinejad. Kontsert oli tore ja seal oli palju erinevas stiilis muusikat. Kontsert kesti poolteist tundi.<span style=\"background-color: #ffffff\">\u00a0Vaatajate s\u00f5nul oli kontsert ilus ja vaheklipid naljakad. Lava taga sai samuti palju nalja ja kontsert sujus h\u00e4sti. P\u00e4rast saime s\u00fc\u00fca kringlit ja osta k\u00fcpsist.<\/span><\/p>\n<p>Rebecca, Marta, P\u00e4rtel, Marii<\/p>\n","protected":false},"excerpt":{"rendered":"<p>Sellel kolmap\u00e4eval sai meie kooli asutamisest 140 \u00a0aastat ja selle puhul\u00a0 toimus Noblessneri valukojas kontsert! Meie klass esines laulude, tantsude ja pillim\u00e4nguga. Olime kavas kolmandad esinejad. Kontsert oli tore ja seal oli palju erinevas stiilis muusikat. Kontsert kesti poolteist tundi.\u00a0Vaatajate s\u00f5nul oli kontsert ilus ja vaheklipid naljakad. Lava taga sai samuti palju nalja ja kontsert [&hellip;]<\/p>\n","protected":false},"author":183,"featured_media":0,"comment_status":"closed","ping_status":"open","sticky":false,"template":"","format":"standard","meta":{"footnotes":""},"categories":[11],"tags":[],"class_list":["post-2433","post","type-post","status-publish","format-standard","hentry","category-reaali-traditsioonid"],"_links":{"self":[{"href":"https:\/\/www.real.edu.ee\/ajaveeb\/144a\/wp-json\/wp\/v2\/posts\/2433","targetHints":{"allow":["GET"]}}],"collection":[{"href":"https:\/\/www.real.edu.ee\/ajaveeb\/144a\/wp-json\/wp\/v2\/posts"}],"about":[{"href":"https:\/\/www.real.edu.ee\/ajaveeb\/144a\/wp-json\/wp\/v2\/types\/post"}],"author":[{"embeddable":true,"href":"https:\/\/www.real.edu.ee\/ajaveeb\/144a\/wp-json\/wp\/v2\/users\/183"}],"replies":[{"embeddable":true,"href":"https:\/\/www.real.edu.ee\/ajaveeb\/144a\/wp-json\/wp\/v2\/comments?post=2433"}],"version-history":[{"count":19,"href":"https:\/\/www.real.edu.ee\/ajaveeb\/144a\/wp-json\/wp\/v2\/posts\/2433\/revisions"}],"predecessor-version":[{"id":2464,"href":"https:\/\/www.real.edu.ee\/ajaveeb\/144a\/wp-json\/wp\/v2\/posts\/2433\/revisions\/2464"}],"wp:attachment":[{"href":"https:\/\/www.real.edu.ee\/ajaveeb\/144a\/wp-json\/wp\/v2\/media?parent=2433"}],"wp:term":[{"taxonomy":"category","embeddable":true,"href":"https:\/\/www.real.edu.ee\/ajaveeb\/144a\/wp-json\/wp\/v2\/categories?post=2433"},{"taxonomy":"post_tag","embeddable":true,"href":"https:\/\/www.real.edu.ee\/ajaveeb\/144a\/wp-json\/wp\/v2\/tags?post=2433"}],"curies":[{"name":"wp","href":"https:\/\/api.w.org\/{rel}","templated":true}]}}