{"id":1583,"date":"2020-03-20T12:03:50","date_gmt":"2020-03-20T10:03:50","guid":{"rendered":"http:\/\/www.real.edu.ee\/ajaveeb\/144a\/?p=1583"},"modified":"2020-04-04T12:31:12","modified_gmt":"2020-04-04T09:31:12","slug":"tana-algas-kevad","status":"publish","type":"post","link":"https:\/\/www.real.edu.ee\/ajaveeb\/144a\/2020\/03\/20\/tana-algas-kevad\/","title":{"rendered":"T\u00e4na algas KEVAD"},"content":{"rendered":"<p>&#8230;<span style=\"color: #00ff00\"><em><strong> JAH, p\u00e4ris varahommikul 5.50!<\/strong><\/em><\/span><\/p>\n<p>Kuna koolis kevade tulekut tervitada ei saanud, p\u00fc\u00fcdsime seda teha kodus. Uurisime v\u00f5imalusel loodust, kas on seal juba p\u00e4ris kevade m\u00e4rke.<\/p>\n<p>Kunsti\u00f5petuses proovisime kevadet leida ABCya keskkonnas.<\/p>\n<p><a href=\"http:\/\/www.real.edu.ee\/ajaveeb\/144a\/files\/2020\/04\/Gregori-kevade-pilt.png\"><img loading=\"lazy\" decoding=\"async\" class=\"alignnone size-thumbnail wp-image-1569\" src=\"http:\/\/www.real.edu.ee\/ajaveeb\/144a\/files\/2020\/04\/Gregori-kevade-pilt-150x150.png\" alt=\"\" width=\"150\" height=\"150\" \/><\/a> <a href=\"http:\/\/www.real.edu.ee\/ajaveeb\/144a\/files\/2020\/04\/ABCya_HENRY.png\"><img loading=\"lazy\" decoding=\"async\" class=\"alignnone size-thumbnail wp-image-1567\" src=\"http:\/\/www.real.edu.ee\/ajaveeb\/144a\/files\/2020\/04\/ABCya_HENRY-150x150.png\" alt=\"\" width=\"150\" height=\"150\" \/><\/a> <a href=\"http:\/\/www.real.edu.ee\/ajaveeb\/144a\/files\/2020\/04\/Abcya-kevadpilt-emily-25032020.png\"><img loading=\"lazy\" decoding=\"async\" class=\"alignnone size-thumbnail wp-image-1566\" src=\"http:\/\/www.real.edu.ee\/ajaveeb\/144a\/files\/2020\/04\/Abcya-kevadpilt-emily-25032020-150x150.png\" alt=\"\" width=\"150\" height=\"150\" \/><\/a><\/p>\n<p>\u00d5petajale tuli <span style=\"color: #3366ff\">KEVAD KOJU<\/span> k\u00e4tte &#8211; \u00fcllatus oli suur &#8211; <em><span style=\"font-size: 14pt;color: #ff00ff\"><strong>suur t\u00e4nu \u00fcllatajatele!<\/strong><\/span><\/em><\/p>\n<p><a href=\"http:\/\/www.real.edu.ee\/ajaveeb\/144a\/files\/2020\/04\/20200320_165754-scaled.jpg\"><img loading=\"lazy\" decoding=\"async\" class=\"size-thumbnail wp-image-1584 aligncenter\" src=\"http:\/\/www.real.edu.ee\/ajaveeb\/144a\/files\/2020\/04\/20200320_165754-150x150.jpg\" alt=\"\" width=\"150\" height=\"150\" \/><\/a><\/p>\n","protected":false},"excerpt":{"rendered":"<p>&#8230; JAH, p\u00e4ris varahommikul 5.50! Kuna koolis kevade tulekut tervitada ei saanud, p\u00fc\u00fcdsime seda teha kodus. Uurisime v\u00f5imalusel loodust, kas on seal juba p\u00e4ris kevade m\u00e4rke. Kunsti\u00f5petuses proovisime kevadet leida ABCya keskkonnas. \u00d5petajale tuli KEVAD KOJU k\u00e4tte &#8211; \u00fcllatus oli suur &#8211; suur t\u00e4nu \u00fcllatajatele!<\/p>\n","protected":false},"author":72,"featured_media":0,"comment_status":"closed","ping_status":"open","sticky":false,"template":"","format":"standard","meta":{"footnotes":""},"categories":[1],"tags":[],"class_list":["post-1583","post","type-post","status-publish","format-standard","hentry","category-maaratlemata"],"_links":{"self":[{"href":"https:\/\/www.real.edu.ee\/ajaveeb\/144a\/wp-json\/wp\/v2\/posts\/1583","targetHints":{"allow":["GET"]}}],"collection":[{"href":"https:\/\/www.real.edu.ee\/ajaveeb\/144a\/wp-json\/wp\/v2\/posts"}],"about":[{"href":"https:\/\/www.real.edu.ee\/ajaveeb\/144a\/wp-json\/wp\/v2\/types\/post"}],"author":[{"embeddable":true,"href":"https:\/\/www.real.edu.ee\/ajaveeb\/144a\/wp-json\/wp\/v2\/users\/72"}],"replies":[{"embeddable":true,"href":"https:\/\/www.real.edu.ee\/ajaveeb\/144a\/wp-json\/wp\/v2\/comments?post=1583"}],"version-history":[{"count":2,"href":"https:\/\/www.real.edu.ee\/ajaveeb\/144a\/wp-json\/wp\/v2\/posts\/1583\/revisions"}],"predecessor-version":[{"id":1590,"href":"https:\/\/www.real.edu.ee\/ajaveeb\/144a\/wp-json\/wp\/v2\/posts\/1583\/revisions\/1590"}],"wp:attachment":[{"href":"https:\/\/www.real.edu.ee\/ajaveeb\/144a\/wp-json\/wp\/v2\/media?parent=1583"}],"wp:term":[{"taxonomy":"category","embeddable":true,"href":"https:\/\/www.real.edu.ee\/ajaveeb\/144a\/wp-json\/wp\/v2\/categories?post=1583"},{"taxonomy":"post_tag","embeddable":true,"href":"https:\/\/www.real.edu.ee\/ajaveeb\/144a\/wp-json\/wp\/v2\/tags?post=1583"}],"curies":[{"name":"wp","href":"https:\/\/api.w.org\/{rel}","templated":true}]}}