{"id":1563,"date":"2020-03-13T10:55:59","date_gmt":"2020-03-13T08:55:59","guid":{"rendered":"http:\/\/www.real.edu.ee\/ajaveeb\/144a\/?p=1563"},"modified":"2020-04-04T12:01:52","modified_gmt":"2020-04-04T09:01:52","slug":"reede-ja-13","status":"publish","type":"post","link":"https:\/\/www.real.edu.ee\/ajaveeb\/144a\/2020\/03\/13\/reede-ja-13\/","title":{"rendered":"REEDE JA 13."},"content":{"rendered":"<p>Ei tahaks k\u00fcll ebausklik olla, aga selle aasta <strong>m\u00e4rtsikuu 13. ja reede<\/strong> kujunes uskumatuks ja ebameeldivaks.<\/p>\n<p>Meie Eestimaad oli k\u00fclastama tulnud ebameeldiv k\u00fclaline <span style=\"color: #800080\"><strong><span style=\"font-size: 14pt\">COVID 19<\/span><\/strong><\/span><\/p>\n<p>Ja mitte ainult meile , vaid kogu Euroopasse ja mujalegi. Selle tulemusena pidime j\u00e4\u00e4ma DISTANTS\u00d5PPELE ja <em><strong>koolid pandi kinni kaheks n\u00e4dalaks &#8230;.<\/strong><\/em><\/p>\n","protected":false},"excerpt":{"rendered":"<p>Ei tahaks k\u00fcll ebausklik olla, aga selle aasta m\u00e4rtsikuu 13. ja reede kujunes uskumatuks ja ebameeldivaks. Meie Eestimaad oli k\u00fclastama tulnud ebameeldiv k\u00fclaline COVID 19 Ja mitte ainult meile , vaid kogu Euroopasse ja mujalegi. Selle tulemusena pidime j\u00e4\u00e4ma DISTANTS\u00d5PPELE ja koolid pandi kinni kaheks n\u00e4dalaks &#8230;.<\/p>\n","protected":false},"author":72,"featured_media":0,"comment_status":"closed","ping_status":"open","sticky":false,"template":"","format":"standard","meta":{"footnotes":""},"categories":[1],"tags":[],"class_list":["post-1563","post","type-post","status-publish","format-standard","hentry","category-maaratlemata"],"_links":{"self":[{"href":"https:\/\/www.real.edu.ee\/ajaveeb\/144a\/wp-json\/wp\/v2\/posts\/1563","targetHints":{"allow":["GET"]}}],"collection":[{"href":"https:\/\/www.real.edu.ee\/ajaveeb\/144a\/wp-json\/wp\/v2\/posts"}],"about":[{"href":"https:\/\/www.real.edu.ee\/ajaveeb\/144a\/wp-json\/wp\/v2\/types\/post"}],"author":[{"embeddable":true,"href":"https:\/\/www.real.edu.ee\/ajaveeb\/144a\/wp-json\/wp\/v2\/users\/72"}],"replies":[{"embeddable":true,"href":"https:\/\/www.real.edu.ee\/ajaveeb\/144a\/wp-json\/wp\/v2\/comments?post=1563"}],"version-history":[{"count":3,"href":"https:\/\/www.real.edu.ee\/ajaveeb\/144a\/wp-json\/wp\/v2\/posts\/1563\/revisions"}],"predecessor-version":[{"id":1581,"href":"https:\/\/www.real.edu.ee\/ajaveeb\/144a\/wp-json\/wp\/v2\/posts\/1563\/revisions\/1581"}],"wp:attachment":[{"href":"https:\/\/www.real.edu.ee\/ajaveeb\/144a\/wp-json\/wp\/v2\/media?parent=1563"}],"wp:term":[{"taxonomy":"category","embeddable":true,"href":"https:\/\/www.real.edu.ee\/ajaveeb\/144a\/wp-json\/wp\/v2\/categories?post=1563"},{"taxonomy":"post_tag","embeddable":true,"href":"https:\/\/www.real.edu.ee\/ajaveeb\/144a\/wp-json\/wp\/v2\/tags?post=1563"}],"curies":[{"name":"wp","href":"https:\/\/api.w.org\/{rel}","templated":true}]}}