{"id":145,"date":"2017-11-15T14:22:03","date_gmt":"2017-11-15T12:22:03","guid":{"rendered":"http:\/\/www.real.edu.ee\/ajaveeb\/144a\/?p=145"},"modified":"2017-11-17T14:27:55","modified_gmt":"2017-11-17T12:27:55","slug":"isadepaev-2017","status":"publish","type":"post","link":"https:\/\/www.real.edu.ee\/ajaveeb\/144a\/2017\/11\/15\/isadepaev-2017\/","title":{"rendered":"ISADEP\u00c4EV 2017"},"content":{"rendered":"<p><span style=\"font-size: 18pt\">Oh, kui t\u00e4htsad on meile isad!<\/span><\/p>\n<p>Kutsusime oma kallid isad ja vanaisad v\u00f5i koguni terve pere kooli \u00fchis\u00fcritusele, kus oli mitmekesine kunstit\u00f6\u00f6de n\u00e4itus (sealhulgas MEIE ISADE PORTREED) ja palju p\u00f5nevaid t\u00f6\u00f6tube: meisterdamist, sportimist, nuputamist, &#8230; tegevust j\u00e4tkus pooleteiseks tunniks ja elevust ning l\u00f5busust k\u00f5igile.<\/p>\n<p><img loading=\"lazy\" decoding=\"async\" class=\"alignnone size-medium wp-image-151\" src=\"http:\/\/www.real.edu.ee\/ajaveeb\/144a\/files\/2017\/11\/DSC01741-1-300x225.jpg\" alt=\"\" width=\"300\" height=\"225\" srcset=\"https:\/\/www.real.edu.ee\/ajaveeb\/144a\/files\/2017\/11\/DSC01741-1-300x225.jpg 300w, https:\/\/www.real.edu.ee\/ajaveeb\/144a\/files\/2017\/11\/DSC01741-1-768x576.jpg 768w, https:\/\/www.real.edu.ee\/ajaveeb\/144a\/files\/2017\/11\/DSC01741-1-1024x768.jpg 1024w\" sizes=\"auto, (max-width: 300px) 100vw, 300px\" \/> <img loading=\"lazy\" decoding=\"async\" class=\"alignnone size-medium wp-image-152\" src=\"http:\/\/www.real.edu.ee\/ajaveeb\/144a\/files\/2017\/11\/DSC01747-e1510921425158-225x300.jpg\" alt=\"\" width=\"225\" height=\"300\" srcset=\"https:\/\/www.real.edu.ee\/ajaveeb\/144a\/files\/2017\/11\/DSC01747-e1510921425158-225x300.jpg 225w, https:\/\/www.real.edu.ee\/ajaveeb\/144a\/files\/2017\/11\/DSC01747-e1510921425158-768x1024.jpg 768w\" sizes=\"auto, (max-width: 225px) 100vw, 225px\" \/> <img loading=\"lazy\" decoding=\"async\" class=\"alignnone size-medium wp-image-153\" src=\"http:\/\/www.real.edu.ee\/ajaveeb\/144a\/files\/2017\/11\/DSC01755-300x225.jpg\" alt=\"\" width=\"300\" height=\"225\" srcset=\"https:\/\/www.real.edu.ee\/ajaveeb\/144a\/files\/2017\/11\/DSC01755-300x225.jpg 300w, https:\/\/www.real.edu.ee\/ajaveeb\/144a\/files\/2017\/11\/DSC01755-768x576.jpg 768w, https:\/\/www.real.edu.ee\/ajaveeb\/144a\/files\/2017\/11\/DSC01755-1024x768.jpg 1024w\" sizes=\"auto, (max-width: 300px) 100vw, 300px\" \/> <img loading=\"lazy\" decoding=\"async\" class=\"alignnone size-medium wp-image-154\" src=\"http:\/\/www.real.edu.ee\/ajaveeb\/144a\/files\/2017\/11\/DSC01763-300x225.jpg\" alt=\"\" width=\"300\" height=\"225\" srcset=\"https:\/\/www.real.edu.ee\/ajaveeb\/144a\/files\/2017\/11\/DSC01763-300x225.jpg 300w, https:\/\/www.real.edu.ee\/ajaveeb\/144a\/files\/2017\/11\/DSC01763-768x576.jpg 768w, https:\/\/www.real.edu.ee\/ajaveeb\/144a\/files\/2017\/11\/DSC01763-1024x768.jpg 1024w\" sizes=\"auto, (max-width: 300px) 100vw, 300px\" \/> <img loading=\"lazy\" decoding=\"async\" class=\"alignnone size-medium wp-image-155\" src=\"http:\/\/www.real.edu.ee\/ajaveeb\/144a\/files\/2017\/11\/DSC01797-e1510921452276-225x300.jpg\" alt=\"\" width=\"225\" height=\"300\" srcset=\"https:\/\/www.real.edu.ee\/ajaveeb\/144a\/files\/2017\/11\/DSC01797-e1510921452276-225x300.jpg 225w, https:\/\/www.real.edu.ee\/ajaveeb\/144a\/files\/2017\/11\/DSC01797-e1510921452276-768x1024.jpg 768w\" sizes=\"auto, (max-width: 225px) 100vw, 225px\" \/><img loading=\"lazy\" decoding=\"async\" class=\"alignnone size-medium wp-image-150\" src=\"http:\/\/www.real.edu.ee\/ajaveeb\/144a\/files\/2017\/11\/DSC01733-e1510921516496-225x300.jpg\" alt=\"\" width=\"225\" height=\"300\" srcset=\"https:\/\/www.real.edu.ee\/ajaveeb\/144a\/files\/2017\/11\/DSC01733-e1510921516496-225x300.jpg 225w, https:\/\/www.real.edu.ee\/ajaveeb\/144a\/files\/2017\/11\/DSC01733-e1510921516496-768x1024.jpg 768w\" sizes=\"auto, (max-width: 225px) 100vw, 225px\" \/><\/p>\n","protected":false},"excerpt":{"rendered":"<p>Oh, kui t\u00e4htsad on meile isad! Kutsusime oma kallid isad ja vanaisad v\u00f5i koguni terve pere kooli \u00fchis\u00fcritusele, kus oli mitmekesine kunstit\u00f6\u00f6de n\u00e4itus (sealhulgas MEIE ISADE PORTREED) ja palju p\u00f5nevaid t\u00f6\u00f6tube: meisterdamist, sportimist, nuputamist, &#8230; tegevust j\u00e4tkus pooleteiseks tunniks ja elevust ning l\u00f5busust k\u00f5igile.<\/p>\n","protected":false},"author":72,"featured_media":0,"comment_status":"closed","ping_status":"open","sticky":false,"template":"","format":"standard","meta":{"footnotes":""},"categories":[1],"tags":[],"class_list":["post-145","post","type-post","status-publish","format-standard","hentry","category-maaratlemata"],"_links":{"self":[{"href":"https:\/\/www.real.edu.ee\/ajaveeb\/144a\/wp-json\/wp\/v2\/posts\/145","targetHints":{"allow":["GET"]}}],"collection":[{"href":"https:\/\/www.real.edu.ee\/ajaveeb\/144a\/wp-json\/wp\/v2\/posts"}],"about":[{"href":"https:\/\/www.real.edu.ee\/ajaveeb\/144a\/wp-json\/wp\/v2\/types\/post"}],"author":[{"embeddable":true,"href":"https:\/\/www.real.edu.ee\/ajaveeb\/144a\/wp-json\/wp\/v2\/users\/72"}],"replies":[{"embeddable":true,"href":"https:\/\/www.real.edu.ee\/ajaveeb\/144a\/wp-json\/wp\/v2\/comments?post=145"}],"version-history":[{"count":3,"href":"https:\/\/www.real.edu.ee\/ajaveeb\/144a\/wp-json\/wp\/v2\/posts\/145\/revisions"}],"predecessor-version":[{"id":157,"href":"https:\/\/www.real.edu.ee\/ajaveeb\/144a\/wp-json\/wp\/v2\/posts\/145\/revisions\/157"}],"wp:attachment":[{"href":"https:\/\/www.real.edu.ee\/ajaveeb\/144a\/wp-json\/wp\/v2\/media?parent=145"}],"wp:term":[{"taxonomy":"category","embeddable":true,"href":"https:\/\/www.real.edu.ee\/ajaveeb\/144a\/wp-json\/wp\/v2\/categories?post=145"},{"taxonomy":"post_tag","embeddable":true,"href":"https:\/\/www.real.edu.ee\/ajaveeb\/144a\/wp-json\/wp\/v2\/tags?post=145"}],"curies":[{"name":"wp","href":"https:\/\/api.w.org\/{rel}","templated":true}]}}