{"id":1218,"date":"2019-09-20T14:29:05","date_gmt":"2019-09-20T11:29:05","guid":{"rendered":"http:\/\/www.real.edu.ee\/ajaveeb\/144a\/?p=1218"},"modified":"2019-09-20T14:29:05","modified_gmt":"2019-09-20T11:29:05","slug":"kool-100-aasta-parast","status":"publish","type":"post","link":"https:\/\/www.real.edu.ee\/ajaveeb\/144a\/2019\/09\/20\/kool-100-aasta-parast\/","title":{"rendered":"Kool 100 aasta p\u00e4rast"},"content":{"rendered":"\n<blockquote class=\"wp-block-quote is-layout-flow wp-block-quote-is-layout-flow\"><p>Meie arvates n\u00e4evad koolid 100 aasta p\u00e4rast v\u00e4lja just sellised.<\/p><\/blockquote>\n\n\n\n<ul class=\"wp-block-gallery columns-1 is-cropped wp-block-gallery-1 is-layout-flex wp-block-gallery-is-layout-flex\"><li class=\"blocks-gallery-item\"><figure><img loading=\"lazy\" decoding=\"async\" width=\"1024\" height=\"576\" src=\"http:\/\/www.real.edu.ee\/ajaveeb\/144a\/files\/2019\/09\/20190917_145333-1-1024x576.jpg\" alt=\"\" data-id=\"1226\" data-link=\"http:\/\/www.real.edu.ee\/ajaveeb\/144a\/?attachment_id=1226\" class=\"wp-image-1226\" srcset=\"https:\/\/www.real.edu.ee\/ajaveeb\/144a\/files\/2019\/09\/20190917_145333-1-1024x576.jpg 1024w, https:\/\/www.real.edu.ee\/ajaveeb\/144a\/files\/2019\/09\/20190917_145333-1-300x169.jpg 300w, https:\/\/www.real.edu.ee\/ajaveeb\/144a\/files\/2019\/09\/20190917_145333-1-768x432.jpg 768w\" sizes=\"auto, (max-width: 1024px) 100vw, 1024px\" \/><\/figure><\/li><\/ul>\n\n\n\n<figure class=\"wp-block-image\"><img loading=\"lazy\" decoding=\"async\" width=\"1024\" height=\"576\" src=\"http:\/\/www.real.edu.ee\/ajaveeb\/144a\/files\/2019\/09\/20190917_145447-1024x576.jpg\" alt=\"\" class=\"wp-image-1221\" srcset=\"https:\/\/www.real.edu.ee\/ajaveeb\/144a\/files\/2019\/09\/20190917_145447-1024x576.jpg 1024w, https:\/\/www.real.edu.ee\/ajaveeb\/144a\/files\/2019\/09\/20190917_145447-300x169.jpg 300w, https:\/\/www.real.edu.ee\/ajaveeb\/144a\/files\/2019\/09\/20190917_145447-768x432.jpg 768w\" sizes=\"auto, (max-width: 1024px) 100vw, 1024px\" \/><\/figure>\n\n\n\n<figure class=\"wp-block-image\"><img loading=\"lazy\" decoding=\"async\" width=\"1024\" height=\"576\" src=\"http:\/\/www.real.edu.ee\/ajaveeb\/144a\/files\/2019\/09\/20190917_145412-1024x576.jpg\" alt=\"\" class=\"wp-image-1220\" srcset=\"https:\/\/www.real.edu.ee\/ajaveeb\/144a\/files\/2019\/09\/20190917_145412-1024x576.jpg 1024w, https:\/\/www.real.edu.ee\/ajaveeb\/144a\/files\/2019\/09\/20190917_145412-300x169.jpg 300w, https:\/\/www.real.edu.ee\/ajaveeb\/144a\/files\/2019\/09\/20190917_145412-768x432.jpg 768w\" sizes=\"auto, (max-width: 1024px) 100vw, 1024px\" \/><\/figure>\n","protected":false},"excerpt":{"rendered":"<p>Meie arvates n\u00e4evad koolid 100 aasta p\u00e4rast v\u00e4lja just sellised.<\/p>\n","protected":false},"author":72,"featured_media":0,"comment_status":"closed","ping_status":"open","sticky":false,"template":"","format":"standard","meta":{"footnotes":""},"categories":[1],"tags":[],"class_list":["post-1218","post","type-post","status-publish","format-standard","hentry","category-maaratlemata"],"_links":{"self":[{"href":"https:\/\/www.real.edu.ee\/ajaveeb\/144a\/wp-json\/wp\/v2\/posts\/1218","targetHints":{"allow":["GET"]}}],"collection":[{"href":"https:\/\/www.real.edu.ee\/ajaveeb\/144a\/wp-json\/wp\/v2\/posts"}],"about":[{"href":"https:\/\/www.real.edu.ee\/ajaveeb\/144a\/wp-json\/wp\/v2\/types\/post"}],"author":[{"embeddable":true,"href":"https:\/\/www.real.edu.ee\/ajaveeb\/144a\/wp-json\/wp\/v2\/users\/72"}],"replies":[{"embeddable":true,"href":"https:\/\/www.real.edu.ee\/ajaveeb\/144a\/wp-json\/wp\/v2\/comments?post=1218"}],"version-history":[{"count":2,"href":"https:\/\/www.real.edu.ee\/ajaveeb\/144a\/wp-json\/wp\/v2\/posts\/1218\/revisions"}],"predecessor-version":[{"id":1227,"href":"https:\/\/www.real.edu.ee\/ajaveeb\/144a\/wp-json\/wp\/v2\/posts\/1218\/revisions\/1227"}],"wp:attachment":[{"href":"https:\/\/www.real.edu.ee\/ajaveeb\/144a\/wp-json\/wp\/v2\/media?parent=1218"}],"wp:term":[{"taxonomy":"category","embeddable":true,"href":"https:\/\/www.real.edu.ee\/ajaveeb\/144a\/wp-json\/wp\/v2\/categories?post=1218"},{"taxonomy":"post_tag","embeddable":true,"href":"https:\/\/www.real.edu.ee\/ajaveeb\/144a\/wp-json\/wp\/v2\/tags?post=1218"}],"curies":[{"name":"wp","href":"https:\/\/api.w.org\/{rel}","templated":true}]}}