{"id":4,"date":"2022-08-23T10:00:29","date_gmt":"2022-08-23T10:00:29","guid":{"rendered":"https:\/\/www.real.edu.ee\/ajaveeb\/143c\/?p=4"},"modified":"2022-12-30T16:08:21","modified_gmt":"2022-12-30T16:08:21","slug":"7-c-klassi-suvine-tutvumisuritus","status":"publish","type":"post","link":"https:\/\/www.real.edu.ee\/ajaveeb\/143c\/2022\/08\/23\/7-c-klassi-suvine-tutvumisuritus\/","title":{"rendered":"7.c klassi suvine tutvumis\u00fcritus"},"content":{"rendered":"<p>22. augustil toimus uue 7.c klassi esimene kokkutulek. Enamus meist polnud \u00fcksteist varem n\u00e4inud (m\u00f5ned meist olid eelmise kooli v\u00f5i trenni kaudu tuttavad). Seega tegime alguses v\u00f5imlas tutvumisringi, kus iga\u00fcks r\u00e4\u00e4kis natuke endast (nimi, eelmine kool ja hobid). Seej\u00e4rel toimus v\u00e4ga palju huvitavat, sealhulgas:<\/p>\n<ul>\n<li>Meile tutvustati iga ruumi alates garderoobist kuni raamatukoguni v\u00e4lja.<\/li>\n<li>Toimus viktoriin erinevate k\u00fcsimuste peale, nt 1. korruse hallide kiviplaatide kokku lugemine (nende arv j\u00e4\u00e4b n\u00fc\u00fcd eluks\u00a0 ajaks meelde)<\/li>\n<li>Meile tutvustati meie uut tunniplaani, kuid linki ei antud (lingi meeldej\u00e4tmine ei \u00f5nnestunud samuti)<\/li>\n<li>Saime lihtsalt omavahel suhelda, m\u00f6\u00f6da koolimaja ringi kolada ja kaarte m\u00e4ngida.<\/li>\n<\/ul>\n<p>Seej\u00e4rel l\u00e4ksime k\u00f5ik eri aegadel magama ning hommikul saime \u00f5pikud ja t\u00f6\u00f6vihikud k\u00e4tte. Kokkuv\u00f5ttes oli m\u00f5te teha\u00a0 uue klassi \u00f5pilased omavahel tuttavaks\u00a0 enne kooli algust v\u00e4ga hea, kuigi k\u00f5igi nimed \u00fche p\u00e4evaga meelde ei j\u00e4\u00e4nud.<\/p>\n<p><img loading=\"lazy\" decoding=\"async\" class=\"alignnone size-medium wp-image-48\" src=\"http:\/\/www.real.edu.ee\/ajaveeb\/143c\/files\/2022\/08\/IMG-1033-300x225.jpg\" alt=\"\" width=\"300\" height=\"225\" srcset=\"https:\/\/www.real.edu.ee\/ajaveeb\/143c\/files\/2022\/08\/IMG-1033-300x225.jpg 300w, https:\/\/www.real.edu.ee\/ajaveeb\/143c\/files\/2022\/08\/IMG-1033-1024x768.jpg 1024w, https:\/\/www.real.edu.ee\/ajaveeb\/143c\/files\/2022\/08\/IMG-1033-768x576.jpg 768w, https:\/\/www.real.edu.ee\/ajaveeb\/143c\/files\/2022\/08\/IMG-1033-1536x1152.jpg 1536w, https:\/\/www.real.edu.ee\/ajaveeb\/143c\/files\/2022\/08\/IMG-1033-2048x1536.jpg 2048w\" sizes=\"auto, (max-width: 300px) 100vw, 300px\" \/> <img loading=\"lazy\" decoding=\"async\" class=\"alignnone size-medium wp-image-49\" src=\"http:\/\/www.real.edu.ee\/ajaveeb\/143c\/files\/2022\/08\/IMG-1011-300x225.jpg\" alt=\"\" width=\"300\" height=\"225\" srcset=\"https:\/\/www.real.edu.ee\/ajaveeb\/143c\/files\/2022\/08\/IMG-1011-300x225.jpg 300w, https:\/\/www.real.edu.ee\/ajaveeb\/143c\/files\/2022\/08\/IMG-1011-1024x768.jpg 1024w, https:\/\/www.real.edu.ee\/ajaveeb\/143c\/files\/2022\/08\/IMG-1011-768x576.jpg 768w, https:\/\/www.real.edu.ee\/ajaveeb\/143c\/files\/2022\/08\/IMG-1011-1536x1152.jpg 1536w, https:\/\/www.real.edu.ee\/ajaveeb\/143c\/files\/2022\/08\/IMG-1011-2048x1536.jpg 2048w\" sizes=\"auto, (max-width: 300px) 100vw, 300px\" \/> <img loading=\"lazy\" decoding=\"async\" class=\"alignnone size-medium wp-image-50\" src=\"http:\/\/www.real.edu.ee\/ajaveeb\/143c\/files\/2022\/08\/IMG-1005-300x225.jpg\" alt=\"\" width=\"300\" height=\"225\" srcset=\"https:\/\/www.real.edu.ee\/ajaveeb\/143c\/files\/2022\/08\/IMG-1005-300x225.jpg 300w, https:\/\/www.real.edu.ee\/ajaveeb\/143c\/files\/2022\/08\/IMG-1005-1024x768.jpg 1024w, https:\/\/www.real.edu.ee\/ajaveeb\/143c\/files\/2022\/08\/IMG-1005-768x576.jpg 768w, https:\/\/www.real.edu.ee\/ajaveeb\/143c\/files\/2022\/08\/IMG-1005-1536x1152.jpg 1536w, https:\/\/www.real.edu.ee\/ajaveeb\/143c\/files\/2022\/08\/IMG-1005-2048x1536.jpg 2048w\" sizes=\"auto, (max-width: 300px) 100vw, 300px\" \/><\/p>\n<p>&nbsp;<\/p>\n","protected":false},"excerpt":{"rendered":"<p>22. augustil toimus uue 7.c klassi esimene kokkutulek. Enamus meist polnud \u00fcksteist varem n\u00e4inud (m\u00f5ned meist olid eelmise kooli v\u00f5i trenni kaudu tuttavad). Seega tegime alguses v\u00f5imlas tutvumisringi, kus iga\u00fcks r\u00e4\u00e4kis natuke endast (nimi, eelmine kool ja hobid). Seej\u00e4rel toimus v\u00e4ga palju huvitavat, sealhulgas: Meile tutvustati iga ruumi alates garderoobist kuni raamatukoguni v\u00e4lja. Toimus viktoriin [&hellip;]<\/p>\n","protected":false},"author":199,"featured_media":0,"comment_status":"open","ping_status":"open","sticky":false,"template":"","format":"standard","meta":{"footnotes":""},"categories":[1,2],"tags":[],"class_list":["post-4","post","type-post","status-publish","format-standard","hentry","category-maaratlemata","category-uritused"],"_links":{"self":[{"href":"https:\/\/www.real.edu.ee\/ajaveeb\/143c\/wp-json\/wp\/v2\/posts\/4","targetHints":{"allow":["GET"]}}],"collection":[{"href":"https:\/\/www.real.edu.ee\/ajaveeb\/143c\/wp-json\/wp\/v2\/posts"}],"about":[{"href":"https:\/\/www.real.edu.ee\/ajaveeb\/143c\/wp-json\/wp\/v2\/types\/post"}],"author":[{"embeddable":true,"href":"https:\/\/www.real.edu.ee\/ajaveeb\/143c\/wp-json\/wp\/v2\/users\/199"}],"replies":[{"embeddable":true,"href":"https:\/\/www.real.edu.ee\/ajaveeb\/143c\/wp-json\/wp\/v2\/comments?post=4"}],"version-history":[{"count":11,"href":"https:\/\/www.real.edu.ee\/ajaveeb\/143c\/wp-json\/wp\/v2\/posts\/4\/revisions"}],"predecessor-version":[{"id":94,"href":"https:\/\/www.real.edu.ee\/ajaveeb\/143c\/wp-json\/wp\/v2\/posts\/4\/revisions\/94"}],"wp:attachment":[{"href":"https:\/\/www.real.edu.ee\/ajaveeb\/143c\/wp-json\/wp\/v2\/media?parent=4"}],"wp:term":[{"taxonomy":"category","embeddable":true,"href":"https:\/\/www.real.edu.ee\/ajaveeb\/143c\/wp-json\/wp\/v2\/categories?post=4"},{"taxonomy":"post_tag","embeddable":true,"href":"https:\/\/www.real.edu.ee\/ajaveeb\/143c\/wp-json\/wp\/v2\/tags?post=4"}],"curies":[{"name":"wp","href":"https:\/\/api.w.org\/{rel}","templated":true}]}}