{"id":136,"date":"2023-06-25T13:54:14","date_gmt":"2023-06-25T13:54:14","guid":{"rendered":"https:\/\/www.real.edu.ee\/ajaveeb\/143c\/?p=136"},"modified":"2023-06-25T13:54:19","modified_gmt":"2023-06-25T13:54:19","slug":"harku-oppepaev","status":"publish","type":"post","link":"https:\/\/www.real.edu.ee\/ajaveeb\/143c\/2023\/06\/25\/harku-oppepaev\/","title":{"rendered":"Harku \u00f5ppep\u00e4ev"},"content":{"rendered":"\n<p>9. juunil oli tervel 143. lennul Harku \u00f5ppep\u00e4ev, kus \u00f5pilased said matkata, kasutada loodusainetes \u00f5pitud teadmisi praktikas, liike \u00e4ra tunda ja \u00e4ra eksida.<\/p>\n\n\n\n<p>Kohapeal abistasid ja kontrollisid \u00f5pilasi direktor Ene Saar, klassijuhatajad ja loodus\u00f5petuse, geograafia, bioloogia, keemia ja f\u00fc\u00fcsika \u00f5petajad.<\/p>\n\n\n\n<figure class=\"wp-block-image size-large\"><img loading=\"lazy\" decoding=\"async\" width=\"768\" height=\"1024\" src=\"https:\/\/www.real.edu.ee\/ajaveeb\/143c\/files\/2023\/06\/20230609_094857286445104556010198-768x1024.jpg\" alt=\"\" class=\"wp-image-135\" srcset=\"https:\/\/www.real.edu.ee\/ajaveeb\/143c\/files\/2023\/06\/20230609_094857286445104556010198-768x1024.jpg 768w, https:\/\/www.real.edu.ee\/ajaveeb\/143c\/files\/2023\/06\/20230609_094857286445104556010198-225x300.jpg 225w, https:\/\/www.real.edu.ee\/ajaveeb\/143c\/files\/2023\/06\/20230609_094857286445104556010198-1152x1536.jpg 1152w, https:\/\/www.real.edu.ee\/ajaveeb\/143c\/files\/2023\/06\/20230609_094857286445104556010198-1536x2048.jpg 1536w, https:\/\/www.real.edu.ee\/ajaveeb\/143c\/files\/2023\/06\/20230609_094857286445104556010198-scaled.jpg 1920w\" sizes=\"auto, (max-width: 768px) 100vw, 768px\" \/><\/figure>\n\n\n\n<figure class=\"wp-block-image\"><img loading=\"lazy\" decoding=\"async\" width=\"768\" height=\"1024\" src=\"https:\/\/www.real.edu.ee\/ajaveeb\/143c\/files\/2023\/06\/20230609_123614_0076263809505443138614-768x1024.jpg\" alt=\"\" class=\"wp-image-134\" srcset=\"https:\/\/www.real.edu.ee\/ajaveeb\/143c\/files\/2023\/06\/20230609_123614_0076263809505443138614-768x1024.jpg 768w, https:\/\/www.real.edu.ee\/ajaveeb\/143c\/files\/2023\/06\/20230609_123614_0076263809505443138614-225x300.jpg 225w, https:\/\/www.real.edu.ee\/ajaveeb\/143c\/files\/2023\/06\/20230609_123614_0076263809505443138614-1152x1536.jpg 1152w, https:\/\/www.real.edu.ee\/ajaveeb\/143c\/files\/2023\/06\/20230609_123614_0076263809505443138614-1536x2048.jpg 1536w, https:\/\/www.real.edu.ee\/ajaveeb\/143c\/files\/2023\/06\/20230609_123614_0076263809505443138614-scaled.jpg 1920w\" sizes=\"auto, (max-width: 768px) 100vw, 768px\" \/><\/figure>\n","protected":false},"excerpt":{"rendered":"<p>9. juunil oli tervel 143. lennul Harku \u00f5ppep\u00e4ev, kus \u00f5pilased said matkata, kasutada loodusainetes \u00f5pitud teadmisi praktikas, liike \u00e4ra tunda ja \u00e4ra eksida. Kohapeal abistasid ja kontrollisid \u00f5pilasi direktor Ene Saar, klassijuhatajad ja loodus\u00f5petuse, geograafia, bioloogia, keemia ja f\u00fc\u00fcsika \u00f5petajad.<\/p>\n","protected":false},"author":199,"featured_media":0,"comment_status":"closed","ping_status":"open","sticky":false,"template":"","format":"standard","meta":{"footnotes":""},"categories":[1],"tags":[],"class_list":["post-136","post","type-post","status-publish","format-standard","hentry","category-maaratlemata"],"_links":{"self":[{"href":"https:\/\/www.real.edu.ee\/ajaveeb\/143c\/wp-json\/wp\/v2\/posts\/136","targetHints":{"allow":["GET"]}}],"collection":[{"href":"https:\/\/www.real.edu.ee\/ajaveeb\/143c\/wp-json\/wp\/v2\/posts"}],"about":[{"href":"https:\/\/www.real.edu.ee\/ajaveeb\/143c\/wp-json\/wp\/v2\/types\/post"}],"author":[{"embeddable":true,"href":"https:\/\/www.real.edu.ee\/ajaveeb\/143c\/wp-json\/wp\/v2\/users\/199"}],"replies":[{"embeddable":true,"href":"https:\/\/www.real.edu.ee\/ajaveeb\/143c\/wp-json\/wp\/v2\/comments?post=136"}],"version-history":[{"count":1,"href":"https:\/\/www.real.edu.ee\/ajaveeb\/143c\/wp-json\/wp\/v2\/posts\/136\/revisions"}],"predecessor-version":[{"id":137,"href":"https:\/\/www.real.edu.ee\/ajaveeb\/143c\/wp-json\/wp\/v2\/posts\/136\/revisions\/137"}],"wp:attachment":[{"href":"https:\/\/www.real.edu.ee\/ajaveeb\/143c\/wp-json\/wp\/v2\/media?parent=136"}],"wp:term":[{"taxonomy":"category","embeddable":true,"href":"https:\/\/www.real.edu.ee\/ajaveeb\/143c\/wp-json\/wp\/v2\/categories?post=136"},{"taxonomy":"post_tag","embeddable":true,"href":"https:\/\/www.real.edu.ee\/ajaveeb\/143c\/wp-json\/wp\/v2\/tags?post=136"}],"curies":[{"name":"wp","href":"https:\/\/api.w.org\/{rel}","templated":true}]}}