{"id":12,"date":"2022-09-01T17:54:27","date_gmt":"2022-09-01T17:54:27","guid":{"rendered":"https:\/\/www.real.edu.ee\/ajaveeb\/143c\/?p=12"},"modified":"2022-12-26T10:41:14","modified_gmt":"2022-12-26T10:41:14","slug":"head-kooliaasta-algust-koigile","status":"publish","type":"post","link":"https:\/\/www.real.edu.ee\/ajaveeb\/143c\/2022\/09\/01\/head-kooliaasta-algust-koigile\/","title":{"rendered":"Head kooliaasta algust k\u00f5igile!"},"content":{"rendered":"<p>Algas uus kooliaasta.<\/p>\n<p>Niisis, uue 7.c klassi jaoks algas kooliaasta klassijuhatajatunniga. Seal jagati meile v\u00e4ga palju erinevat infot, nt orienteerumise kohta ja kooli kodukorrast. Siis kell 9.30 l\u00e4ksid k\u00f5ik \u00f5ue Poisi juurde, et saada k\u00e4tte uued koolim\u00fctsid. Koolim\u00fctside k\u00e4tteandmisel osalesid lisaks direktor Ene Saar ja p\u00f5hikooli \u00f5ppealajuhataja Daniel Kaasik, lisaks klassijuhatajad ja muidugi \u00f5pilased ise. (Poistele pani m\u00fctsi p\u00e4he \u00f5p Thea ning t\u00fcdrukutele \u00f5p Erik)<\/p>\n<p>Niisis, uhiuute koolim\u00fctside ning hea tujuga mindi Pudi reas tagasi koolimajja ja sealt staadionile, kus toimus aktus. Aktus ise oli t\u00e4iesti tore, p\u00e4rast seda mindi tagasi koolimajja. Koolimajas tegi Daniel Kaasik meile \u00fche akadeemilise sissejuhatuse ja v\u00e4ikese tunni metaf\u00fc\u00fcsika ja ontoloogia kohta. Meile jagati k\u00e4tte p\u00e4evikud ning tutvustati neid, r\u00e4\u00e4giti samuti natuke kooli ajaloost ning koolist \u00fcldiselt.<\/p>\n<p>P\u00e4rast seda tehti \u00fcks klassipilt ja esimene koolip\u00e4ev oligi l\u00e4bi.<\/p>\n<p><b>Head uut \u00f5ppeaastat!<\/b><\/p>\n<p><img loading=\"lazy\" decoding=\"async\" class=\"alignnone size-medium wp-image-48\" src=\"http:\/\/www.real.edu.ee\/ajaveeb\/143c\/files\/2022\/08\/IMG-1033-300x225.jpg\" alt=\"\" width=\"300\" height=\"225\" srcset=\"https:\/\/www.real.edu.ee\/ajaveeb\/143c\/files\/2022\/08\/IMG-1033-300x225.jpg 300w, https:\/\/www.real.edu.ee\/ajaveeb\/143c\/files\/2022\/08\/IMG-1033-1024x768.jpg 1024w, https:\/\/www.real.edu.ee\/ajaveeb\/143c\/files\/2022\/08\/IMG-1033-768x576.jpg 768w, https:\/\/www.real.edu.ee\/ajaveeb\/143c\/files\/2022\/08\/IMG-1033-1536x1152.jpg 1536w, https:\/\/www.real.edu.ee\/ajaveeb\/143c\/files\/2022\/08\/IMG-1033-2048x1536.jpg 2048w\" sizes=\"auto, (max-width: 300px) 100vw, 300px\" \/><\/p>\n","protected":false},"excerpt":{"rendered":"<p>Algas uus kooliaasta. Niisis, uue 7.c klassi jaoks algas kooliaasta klassijuhatajatunniga. Seal jagati meile v\u00e4ga palju erinevat infot, nt orienteerumise kohta ja kooli kodukorrast. Siis kell 9.30 l\u00e4ksid k\u00f5ik \u00f5ue Poisi juurde, et saada k\u00e4tte uued koolim\u00fctsid. Koolim\u00fctside k\u00e4tteandmisel osalesid lisaks direktor Ene Saar ja p\u00f5hikooli \u00f5ppealajuhataja Daniel Kaasik, lisaks klassijuhatajad ja muidugi \u00f5pilased ise. [&hellip;]<\/p>\n","protected":false},"author":199,"featured_media":0,"comment_status":"open","ping_status":"open","sticky":false,"template":"","format":"standard","meta":{"footnotes":""},"categories":[5,1,2],"tags":[],"class_list":["post-12","post","type-post","status-publish","format-standard","hentry","category-2022-2023","category-maaratlemata","category-uritused"],"_links":{"self":[{"href":"https:\/\/www.real.edu.ee\/ajaveeb\/143c\/wp-json\/wp\/v2\/posts\/12","targetHints":{"allow":["GET"]}}],"collection":[{"href":"https:\/\/www.real.edu.ee\/ajaveeb\/143c\/wp-json\/wp\/v2\/posts"}],"about":[{"href":"https:\/\/www.real.edu.ee\/ajaveeb\/143c\/wp-json\/wp\/v2\/types\/post"}],"author":[{"embeddable":true,"href":"https:\/\/www.real.edu.ee\/ajaveeb\/143c\/wp-json\/wp\/v2\/users\/199"}],"replies":[{"embeddable":true,"href":"https:\/\/www.real.edu.ee\/ajaveeb\/143c\/wp-json\/wp\/v2\/comments?post=12"}],"version-history":[{"count":10,"href":"https:\/\/www.real.edu.ee\/ajaveeb\/143c\/wp-json\/wp\/v2\/posts\/12\/revisions"}],"predecessor-version":[{"id":77,"href":"https:\/\/www.real.edu.ee\/ajaveeb\/143c\/wp-json\/wp\/v2\/posts\/12\/revisions\/77"}],"wp:attachment":[{"href":"https:\/\/www.real.edu.ee\/ajaveeb\/143c\/wp-json\/wp\/v2\/media?parent=12"}],"wp:term":[{"taxonomy":"category","embeddable":true,"href":"https:\/\/www.real.edu.ee\/ajaveeb\/143c\/wp-json\/wp\/v2\/categories?post=12"},{"taxonomy":"post_tag","embeddable":true,"href":"https:\/\/www.real.edu.ee\/ajaveeb\/143c\/wp-json\/wp\/v2\/tags?post=12"}],"curies":[{"name":"wp","href":"https:\/\/api.w.org\/{rel}","templated":true}]}}