{"id":1092,"date":"2023-09-29T14:30:51","date_gmt":"2023-09-29T11:30:51","guid":{"rendered":"https:\/\/www.real.edu.ee\/ajaveeb\/143b\/?p=1092"},"modified":"2023-10-07T14:42:05","modified_gmt":"2023-10-07T11:42:05","slug":"tallinna-reaalkool-142","status":"publish","type":"post","link":"https:\/\/www.real.edu.ee\/ajaveeb\/143b\/2023\/09\/29\/tallinna-reaalkool-142\/","title":{"rendered":"Tallinna Reaalkool 142!"},"content":{"rendered":"<p>29 septembril t\u00e4histasime Tallinna Reaalkooli 142. s\u00fcnnip\u00e4eva!<\/p>\n<p>Selle puhul k\u00e4is meil 6. tunni ajal r\u00e4\u00e4kimas Reaalkooli uuest hoonest vilistlane ja arhitekt Johan Tali. Ta n\u00e4itas meile, milline meie uus koolimaja hakkab v\u00e4lja n\u00e4gema ning samuti r\u00e4\u00e4kis ka natuke endast.<\/p>\n<p>Peale seda liikusime parklasse, kus direktriss pidas v\u00e4ikese k\u00f5ne, jagati v\u00e4lja stipendiumeid ning s\u00f5ime k\u00f5ik koos kringlit. Oli v\u00e4ga tore ja vahva p\u00e4ev.<\/p>\n<p>Palju \u00f5nne Tallinna Reaalkool!<\/p>\n<p><img loading=\"lazy\" decoding=\"async\" class=\"alignnone size-medium wp-image-1093\" src=\"http:\/\/www.real.edu.ee\/ajaveeb\/143b\/files\/2023\/10\/IMG-2111-225x300.jpg\" alt=\"\" width=\"225\" height=\"300\" srcset=\"https:\/\/www.real.edu.ee\/ajaveeb\/143b\/files\/2023\/10\/IMG-2111-225x300.jpg 225w, https:\/\/www.real.edu.ee\/ajaveeb\/143b\/files\/2023\/10\/IMG-2111-768x1024.jpg 768w, https:\/\/www.real.edu.ee\/ajaveeb\/143b\/files\/2023\/10\/IMG-2111-1152x1536.jpg 1152w, https:\/\/www.real.edu.ee\/ajaveeb\/143b\/files\/2023\/10\/IMG-2111-1536x2048.jpg 1536w, https:\/\/www.real.edu.ee\/ajaveeb\/143b\/files\/2023\/10\/IMG-2111-scaled.jpg 1920w\" sizes=\"auto, (max-width: 225px) 100vw, 225px\" \/> <img loading=\"lazy\" decoding=\"async\" class=\"alignnone size-medium wp-image-1094\" src=\"http:\/\/www.real.edu.ee\/ajaveeb\/143b\/files\/2023\/10\/IMG-2115-300x225.jpg\" alt=\"\" width=\"300\" height=\"225\" srcset=\"https:\/\/www.real.edu.ee\/ajaveeb\/143b\/files\/2023\/10\/IMG-2115-300x225.jpg 300w, https:\/\/www.real.edu.ee\/ajaveeb\/143b\/files\/2023\/10\/IMG-2115-1024x768.jpg 1024w, https:\/\/www.real.edu.ee\/ajaveeb\/143b\/files\/2023\/10\/IMG-2115-768x576.jpg 768w, https:\/\/www.real.edu.ee\/ajaveeb\/143b\/files\/2023\/10\/IMG-2115-1536x1152.jpg 1536w, https:\/\/www.real.edu.ee\/ajaveeb\/143b\/files\/2023\/10\/IMG-2115-2048x1536.jpg 2048w\" sizes=\"auto, (max-width: 300px) 100vw, 300px\" \/><\/p>\n","protected":false},"excerpt":{"rendered":"<p>29 septembril t\u00e4histasime Tallinna Reaalkooli 142. s\u00fcnnip\u00e4eva! Selle puhul k\u00e4is meil 6. tunni ajal r\u00e4\u00e4kimas Reaalkooli uuest hoonest vilistlane ja arhitekt Johan Tali. Ta n\u00e4itas meile, milline meie uus koolimaja hakkab v\u00e4lja n\u00e4gema ning samuti r\u00e4\u00e4kis ka natuke endast. Peale seda liikusime parklasse, kus direktriss pidas v\u00e4ikese k\u00f5ne, jagati v\u00e4lja stipendiumeid ning s\u00f5ime k\u00f5ik koos [&hellip;]<\/p>\n","protected":false},"author":185,"featured_media":0,"comment_status":"closed","ping_status":"open","sticky":false,"template":"","format":"standard","meta":{"footnotes":""},"categories":[1],"tags":[],"class_list":["post-1092","post","type-post","status-publish","format-standard","hentry","category-maaratlemata"],"_links":{"self":[{"href":"https:\/\/www.real.edu.ee\/ajaveeb\/143b\/wp-json\/wp\/v2\/posts\/1092","targetHints":{"allow":["GET"]}}],"collection":[{"href":"https:\/\/www.real.edu.ee\/ajaveeb\/143b\/wp-json\/wp\/v2\/posts"}],"about":[{"href":"https:\/\/www.real.edu.ee\/ajaveeb\/143b\/wp-json\/wp\/v2\/types\/post"}],"author":[{"embeddable":true,"href":"https:\/\/www.real.edu.ee\/ajaveeb\/143b\/wp-json\/wp\/v2\/users\/185"}],"replies":[{"embeddable":true,"href":"https:\/\/www.real.edu.ee\/ajaveeb\/143b\/wp-json\/wp\/v2\/comments?post=1092"}],"version-history":[{"count":1,"href":"https:\/\/www.real.edu.ee\/ajaveeb\/143b\/wp-json\/wp\/v2\/posts\/1092\/revisions"}],"predecessor-version":[{"id":1095,"href":"https:\/\/www.real.edu.ee\/ajaveeb\/143b\/wp-json\/wp\/v2\/posts\/1092\/revisions\/1095"}],"wp:attachment":[{"href":"https:\/\/www.real.edu.ee\/ajaveeb\/143b\/wp-json\/wp\/v2\/media?parent=1092"}],"wp:term":[{"taxonomy":"category","embeddable":true,"href":"https:\/\/www.real.edu.ee\/ajaveeb\/143b\/wp-json\/wp\/v2\/categories?post=1092"},{"taxonomy":"post_tag","embeddable":true,"href":"https:\/\/www.real.edu.ee\/ajaveeb\/143b\/wp-json\/wp\/v2\/tags?post=1092"}],"curies":[{"name":"wp","href":"https:\/\/api.w.org\/{rel}","templated":true}]}}