{"id":9,"date":"2016-09-19T14:25:30","date_gmt":"2016-09-19T11:25:30","guid":{"rendered":"http:\/\/www.real.edu.ee\/ajaveeb\/143a\/?p=9"},"modified":"2016-11-03T14:32:50","modified_gmt":"2016-11-03T12:32:50","slug":"avame-seenenaituse","status":"publish","type":"post","link":"https:\/\/www.real.edu.ee\/ajaveeb\/143a\/2016\/09\/19\/avame-seenenaituse\/","title":{"rendered":"Avame seenen\u00e4ituse!"},"content":{"rendered":"<p>Avame seenen\u00e4ituse v\u00e4ikeses majas. 1. klasside \u00f5pilased korjasid \u00a0usinasti seeni ja panid kokku meeleoluka seenen\u00e4ituse. M\u00f5ned meie klassi laste seenekompositsioonid j\u00e4id ka pildi peale.<\/p>\n<p><img loading=\"lazy\" decoding=\"async\" class=\"alignnone size-medium wp-image-10\" src=\"http:\/\/www.real.edu.ee\/ajaveeb\/143a\/files\/2016\/11\/seened-300x225.jpg\" alt=\"seened\" width=\"300\" height=\"225\" srcset=\"https:\/\/www.real.edu.ee\/ajaveeb\/143a\/files\/2016\/11\/seened-300x225.jpg 300w, https:\/\/www.real.edu.ee\/ajaveeb\/143a\/files\/2016\/11\/seened.jpg 640w\" sizes=\"auto, (max-width: 300px) 100vw, 300px\" \/> <img loading=\"lazy\" decoding=\"async\" class=\"alignnone size-medium wp-image-11\" src=\"http:\/\/www.real.edu.ee\/ajaveeb\/143a\/files\/2016\/11\/seened2-300x225.jpg\" alt=\"seened2\" width=\"300\" height=\"225\" srcset=\"https:\/\/www.real.edu.ee\/ajaveeb\/143a\/files\/2016\/11\/seened2-300x225.jpg 300w, https:\/\/www.real.edu.ee\/ajaveeb\/143a\/files\/2016\/11\/seened2.jpg 640w\" sizes=\"auto, (max-width: 300px) 100vw, 300px\" \/> <img loading=\"lazy\" decoding=\"async\" class=\"alignnone size-medium wp-image-12\" src=\"http:\/\/www.real.edu.ee\/ajaveeb\/143a\/files\/2016\/11\/seened3-300x225.jpg\" alt=\"seened3\" width=\"300\" height=\"225\" srcset=\"https:\/\/www.real.edu.ee\/ajaveeb\/143a\/files\/2016\/11\/seened3-300x225.jpg 300w, https:\/\/www.real.edu.ee\/ajaveeb\/143a\/files\/2016\/11\/seened3.jpg 640w\" sizes=\"auto, (max-width: 300px) 100vw, 300px\" \/> <img loading=\"lazy\" decoding=\"async\" class=\"alignnone size-medium wp-image-13\" src=\"http:\/\/www.real.edu.ee\/ajaveeb\/143a\/files\/2016\/11\/seened4-300x225.jpg\" alt=\"seened4\" width=\"300\" height=\"225\" srcset=\"https:\/\/www.real.edu.ee\/ajaveeb\/143a\/files\/2016\/11\/seened4-300x225.jpg 300w, https:\/\/www.real.edu.ee\/ajaveeb\/143a\/files\/2016\/11\/seened4.jpg 640w\" sizes=\"auto, (max-width: 300px) 100vw, 300px\" \/> <img loading=\"lazy\" decoding=\"async\" class=\"alignnone size-medium wp-image-14\" src=\"http:\/\/www.real.edu.ee\/ajaveeb\/143a\/files\/2016\/11\/seened5-300x225.jpg\" alt=\"seened5\" width=\"300\" height=\"225\" srcset=\"https:\/\/www.real.edu.ee\/ajaveeb\/143a\/files\/2016\/11\/seened5-300x225.jpg 300w, https:\/\/www.real.edu.ee\/ajaveeb\/143a\/files\/2016\/11\/seened5.jpg 640w\" sizes=\"auto, (max-width: 300px) 100vw, 300px\" \/> <img loading=\"lazy\" decoding=\"async\" class=\"alignnone size-medium wp-image-15\" src=\"http:\/\/www.real.edu.ee\/ajaveeb\/143a\/files\/2016\/11\/seened6-300x225.jpg\" alt=\"seened6\" width=\"300\" height=\"225\" srcset=\"https:\/\/www.real.edu.ee\/ajaveeb\/143a\/files\/2016\/11\/seened6-300x225.jpg 300w, https:\/\/www.real.edu.ee\/ajaveeb\/143a\/files\/2016\/11\/seened6.jpg 640w\" sizes=\"auto, (max-width: 300px) 100vw, 300px\" \/><\/p>\n","protected":false},"excerpt":{"rendered":"<p>Avame seenen\u00e4ituse v\u00e4ikeses majas. 1. klasside \u00f5pilased korjasid \u00a0usinasti seeni ja panid kokku meeleoluka seenen\u00e4ituse. M\u00f5ned meie klassi laste seenekompositsioonid j\u00e4id ka pildi peale.<\/p>\n","protected":false},"author":51,"featured_media":0,"comment_status":"closed","ping_status":"open","sticky":false,"template":"","format":"standard","meta":{"footnotes":""},"categories":[2],"tags":[],"class_list":["post-9","post","type-post","status-publish","format-standard","hentry","category-oa-20162017"],"_links":{"self":[{"href":"https:\/\/www.real.edu.ee\/ajaveeb\/143a\/wp-json\/wp\/v2\/posts\/9","targetHints":{"allow":["GET"]}}],"collection":[{"href":"https:\/\/www.real.edu.ee\/ajaveeb\/143a\/wp-json\/wp\/v2\/posts"}],"about":[{"href":"https:\/\/www.real.edu.ee\/ajaveeb\/143a\/wp-json\/wp\/v2\/types\/post"}],"author":[{"embeddable":true,"href":"https:\/\/www.real.edu.ee\/ajaveeb\/143a\/wp-json\/wp\/v2\/users\/51"}],"replies":[{"embeddable":true,"href":"https:\/\/www.real.edu.ee\/ajaveeb\/143a\/wp-json\/wp\/v2\/comments?post=9"}],"version-history":[{"count":1,"href":"https:\/\/www.real.edu.ee\/ajaveeb\/143a\/wp-json\/wp\/v2\/posts\/9\/revisions"}],"predecessor-version":[{"id":16,"href":"https:\/\/www.real.edu.ee\/ajaveeb\/143a\/wp-json\/wp\/v2\/posts\/9\/revisions\/16"}],"wp:attachment":[{"href":"https:\/\/www.real.edu.ee\/ajaveeb\/143a\/wp-json\/wp\/v2\/media?parent=9"}],"wp:term":[{"taxonomy":"category","embeddable":true,"href":"https:\/\/www.real.edu.ee\/ajaveeb\/143a\/wp-json\/wp\/v2\/categories?post=9"},{"taxonomy":"post_tag","embeddable":true,"href":"https:\/\/www.real.edu.ee\/ajaveeb\/143a\/wp-json\/wp\/v2\/tags?post=9"}],"curies":[{"name":"wp","href":"https:\/\/api.w.org\/{rel}","templated":true}]}}