{"id":335,"date":"2018-02-22T17:42:32","date_gmt":"2018-02-22T15:42:32","guid":{"rendered":"http:\/\/www.real.edu.ee\/ajaveeb\/143a\/?p=335"},"modified":"2018-03-13T17:46:11","modified_gmt":"2018-03-13T15:46:11","slug":"korvemaal-talvemonusid-nautimas","status":"publish","type":"post","link":"https:\/\/www.real.edu.ee\/ajaveeb\/143a\/2018\/02\/22\/korvemaal-talvemonusid-nautimas\/","title":{"rendered":"K\u00f5rvemaal talvem\u00f5nusid nautimas!"},"content":{"rendered":"<p>22.veebruaril oli imeilus talvep\u00e4ev! Meie saime seda nautida K\u00f5rvemaal suusatades, kelgutades ja t\u00f5ukekelkudega matkates \ud83d\ude42<\/p>\n<p><img loading=\"lazy\" decoding=\"async\" class=\"alignnone size-medium wp-image-336\" src=\"http:\/\/www.real.edu.ee\/ajaveeb\/143a\/files\/2018\/03\/IMG_0808-300x225.jpg\" alt=\"\" width=\"300\" height=\"225\" srcset=\"https:\/\/www.real.edu.ee\/ajaveeb\/143a\/files\/2018\/03\/IMG_0808-300x225.jpg 300w, https:\/\/www.real.edu.ee\/ajaveeb\/143a\/files\/2018\/03\/IMG_0808-768x576.jpg 768w, https:\/\/www.real.edu.ee\/ajaveeb\/143a\/files\/2018\/03\/IMG_0808-1024x768.jpg 1024w\" sizes=\"auto, (max-width: 300px) 100vw, 300px\" \/> <img loading=\"lazy\" decoding=\"async\" class=\"alignnone size-medium wp-image-337\" src=\"http:\/\/www.real.edu.ee\/ajaveeb\/143a\/files\/2018\/03\/IMG_0809-300x225.jpg\" alt=\"\" width=\"300\" height=\"225\" srcset=\"https:\/\/www.real.edu.ee\/ajaveeb\/143a\/files\/2018\/03\/IMG_0809-300x225.jpg 300w, https:\/\/www.real.edu.ee\/ajaveeb\/143a\/files\/2018\/03\/IMG_0809-768x576.jpg 768w, https:\/\/www.real.edu.ee\/ajaveeb\/143a\/files\/2018\/03\/IMG_0809-1024x768.jpg 1024w\" sizes=\"auto, (max-width: 300px) 100vw, 300px\" \/> <img loading=\"lazy\" decoding=\"async\" class=\"alignnone size-medium wp-image-338\" src=\"http:\/\/www.real.edu.ee\/ajaveeb\/143a\/files\/2018\/03\/IMG_0810-300x225.jpg\" alt=\"\" width=\"300\" height=\"225\" srcset=\"https:\/\/www.real.edu.ee\/ajaveeb\/143a\/files\/2018\/03\/IMG_0810-300x225.jpg 300w, https:\/\/www.real.edu.ee\/ajaveeb\/143a\/files\/2018\/03\/IMG_0810-768x576.jpg 768w, https:\/\/www.real.edu.ee\/ajaveeb\/143a\/files\/2018\/03\/IMG_0810-1024x768.jpg 1024w\" sizes=\"auto, (max-width: 300px) 100vw, 300px\" \/> <img loading=\"lazy\" decoding=\"async\" class=\"alignnone size-medium wp-image-339\" src=\"http:\/\/www.real.edu.ee\/ajaveeb\/143a\/files\/2018\/03\/IMG_0811-300x225.jpg\" alt=\"\" width=\"300\" height=\"225\" srcset=\"https:\/\/www.real.edu.ee\/ajaveeb\/143a\/files\/2018\/03\/IMG_0811-300x225.jpg 300w, https:\/\/www.real.edu.ee\/ajaveeb\/143a\/files\/2018\/03\/IMG_0811-768x576.jpg 768w, https:\/\/www.real.edu.ee\/ajaveeb\/143a\/files\/2018\/03\/IMG_0811-1024x768.jpg 1024w\" sizes=\"auto, (max-width: 300px) 100vw, 300px\" \/> <img loading=\"lazy\" decoding=\"async\" class=\"alignnone size-medium wp-image-340\" src=\"http:\/\/www.real.edu.ee\/ajaveeb\/143a\/files\/2018\/03\/IMG_0812-300x225.jpg\" alt=\"\" width=\"300\" height=\"225\" srcset=\"https:\/\/www.real.edu.ee\/ajaveeb\/143a\/files\/2018\/03\/IMG_0812-300x225.jpg 300w, https:\/\/www.real.edu.ee\/ajaveeb\/143a\/files\/2018\/03\/IMG_0812-768x576.jpg 768w, https:\/\/www.real.edu.ee\/ajaveeb\/143a\/files\/2018\/03\/IMG_0812-1024x768.jpg 1024w\" sizes=\"auto, (max-width: 300px) 100vw, 300px\" \/><\/p>\n","protected":false},"excerpt":{"rendered":"<p>22.veebruaril oli imeilus talvep\u00e4ev! Meie saime seda nautida K\u00f5rvemaal suusatades, kelgutades ja t\u00f5ukekelkudega matkates \ud83d\ude42<\/p>\n","protected":false},"author":51,"featured_media":0,"comment_status":"closed","ping_status":"open","sticky":false,"template":"","format":"standard","meta":{"footnotes":""},"categories":[3],"tags":[],"class_list":["post-335","post","type-post","status-publish","format-standard","hentry","category-oa-20172018"],"_links":{"self":[{"href":"https:\/\/www.real.edu.ee\/ajaveeb\/143a\/wp-json\/wp\/v2\/posts\/335","targetHints":{"allow":["GET"]}}],"collection":[{"href":"https:\/\/www.real.edu.ee\/ajaveeb\/143a\/wp-json\/wp\/v2\/posts"}],"about":[{"href":"https:\/\/www.real.edu.ee\/ajaveeb\/143a\/wp-json\/wp\/v2\/types\/post"}],"author":[{"embeddable":true,"href":"https:\/\/www.real.edu.ee\/ajaveeb\/143a\/wp-json\/wp\/v2\/users\/51"}],"replies":[{"embeddable":true,"href":"https:\/\/www.real.edu.ee\/ajaveeb\/143a\/wp-json\/wp\/v2\/comments?post=335"}],"version-history":[{"count":1,"href":"https:\/\/www.real.edu.ee\/ajaveeb\/143a\/wp-json\/wp\/v2\/posts\/335\/revisions"}],"predecessor-version":[{"id":341,"href":"https:\/\/www.real.edu.ee\/ajaveeb\/143a\/wp-json\/wp\/v2\/posts\/335\/revisions\/341"}],"wp:attachment":[{"href":"https:\/\/www.real.edu.ee\/ajaveeb\/143a\/wp-json\/wp\/v2\/media?parent=335"}],"wp:term":[{"taxonomy":"category","embeddable":true,"href":"https:\/\/www.real.edu.ee\/ajaveeb\/143a\/wp-json\/wp\/v2\/categories?post=335"},{"taxonomy":"post_tag","embeddable":true,"href":"https:\/\/www.real.edu.ee\/ajaveeb\/143a\/wp-json\/wp\/v2\/tags?post=335"}],"curies":[{"name":"wp","href":"https:\/\/api.w.org\/{rel}","templated":true}]}}