{"id":318,"date":"2018-02-07T17:00:15","date_gmt":"2018-02-07T15:00:15","guid":{"rendered":"http:\/\/www.real.edu.ee\/ajaveeb\/143a\/?p=318"},"modified":"2018-03-08T17:08:58","modified_gmt":"2018-03-08T15:08:58","slug":"ajarannak","status":"publish","type":"post","link":"https:\/\/www.real.edu.ee\/ajaveeb\/143a\/2018\/02\/07\/ajarannak\/","title":{"rendered":"Ajar\u00e4nnak"},"content":{"rendered":"<p>07.veebruaril t\u00e4histasime Eesti riigi 100ndat s\u00fcnnip\u00e4eva ajar\u00e4nnakuga.<\/p>\n<p>2.klassid r\u00e4ndasid 90-nendatesse aastatesse. Sel p\u00e4eval pidime v\u00e4lja n\u00e4gema, nagu tolle aja koolilapsed. Meil olid eraldi poiste ja t\u00fcdrukute klassid. Ka tunnid toimusid nii, nagu selle aja koolis.<\/p>\n<p>Kogunesime saali ja saime teada, kuidas n\u00e4gi koolilapse elu v\u00e4lja erinevatel k\u00fcmnenditel.<\/p>\n<p>P\u00e4ev l\u00f5ppes manifesti ettelugemisega kooli hoovis.<\/p>\n<p><img loading=\"lazy\" decoding=\"async\" class=\"alignnone size-medium wp-image-319\" src=\"http:\/\/www.real.edu.ee\/ajaveeb\/143a\/files\/2018\/03\/IMG_0786-300x225.jpg\" alt=\"\" width=\"300\" height=\"225\" srcset=\"https:\/\/www.real.edu.ee\/ajaveeb\/143a\/files\/2018\/03\/IMG_0786-300x225.jpg 300w, https:\/\/www.real.edu.ee\/ajaveeb\/143a\/files\/2018\/03\/IMG_0786-768x576.jpg 768w, https:\/\/www.real.edu.ee\/ajaveeb\/143a\/files\/2018\/03\/IMG_0786-1024x768.jpg 1024w\" sizes=\"auto, (max-width: 300px) 100vw, 300px\" \/> <img loading=\"lazy\" decoding=\"async\" class=\"alignnone size-medium wp-image-320\" src=\"http:\/\/www.real.edu.ee\/ajaveeb\/143a\/files\/2018\/03\/IMG_0787-300x225.jpg\" alt=\"\" width=\"300\" height=\"225\" srcset=\"https:\/\/www.real.edu.ee\/ajaveeb\/143a\/files\/2018\/03\/IMG_0787-300x225.jpg 300w, https:\/\/www.real.edu.ee\/ajaveeb\/143a\/files\/2018\/03\/IMG_0787-768x576.jpg 768w, https:\/\/www.real.edu.ee\/ajaveeb\/143a\/files\/2018\/03\/IMG_0787-1024x768.jpg 1024w\" sizes=\"auto, (max-width: 300px) 100vw, 300px\" \/> <img loading=\"lazy\" decoding=\"async\" class=\"alignnone size-medium wp-image-321\" src=\"http:\/\/www.real.edu.ee\/ajaveeb\/143a\/files\/2018\/03\/IMG_0789-300x225.jpg\" alt=\"\" width=\"300\" height=\"225\" srcset=\"https:\/\/www.real.edu.ee\/ajaveeb\/143a\/files\/2018\/03\/IMG_0789-300x225.jpg 300w, https:\/\/www.real.edu.ee\/ajaveeb\/143a\/files\/2018\/03\/IMG_0789-768x576.jpg 768w, https:\/\/www.real.edu.ee\/ajaveeb\/143a\/files\/2018\/03\/IMG_0789-1024x768.jpg 1024w\" sizes=\"auto, (max-width: 300px) 100vw, 300px\" \/><\/p>\n","protected":false},"excerpt":{"rendered":"<p>07.veebruaril t\u00e4histasime Eesti riigi 100ndat s\u00fcnnip\u00e4eva ajar\u00e4nnakuga. 2.klassid r\u00e4ndasid 90-nendatesse aastatesse. Sel p\u00e4eval pidime v\u00e4lja n\u00e4gema, nagu tolle aja koolilapsed. Meil olid eraldi poiste ja t\u00fcdrukute klassid. Ka tunnid toimusid nii, nagu selle aja koolis. Kogunesime saali ja saime teada, kuidas n\u00e4gi koolilapse elu v\u00e4lja erinevatel k\u00fcmnenditel. P\u00e4ev l\u00f5ppes manifesti ettelugemisega kooli hoovis.<\/p>\n","protected":false},"author":51,"featured_media":0,"comment_status":"closed","ping_status":"open","sticky":false,"template":"","format":"standard","meta":{"footnotes":""},"categories":[3],"tags":[],"class_list":["post-318","post","type-post","status-publish","format-standard","hentry","category-oa-20172018"],"_links":{"self":[{"href":"https:\/\/www.real.edu.ee\/ajaveeb\/143a\/wp-json\/wp\/v2\/posts\/318","targetHints":{"allow":["GET"]}}],"collection":[{"href":"https:\/\/www.real.edu.ee\/ajaveeb\/143a\/wp-json\/wp\/v2\/posts"}],"about":[{"href":"https:\/\/www.real.edu.ee\/ajaveeb\/143a\/wp-json\/wp\/v2\/types\/post"}],"author":[{"embeddable":true,"href":"https:\/\/www.real.edu.ee\/ajaveeb\/143a\/wp-json\/wp\/v2\/users\/51"}],"replies":[{"embeddable":true,"href":"https:\/\/www.real.edu.ee\/ajaveeb\/143a\/wp-json\/wp\/v2\/comments?post=318"}],"version-history":[{"count":1,"href":"https:\/\/www.real.edu.ee\/ajaveeb\/143a\/wp-json\/wp\/v2\/posts\/318\/revisions"}],"predecessor-version":[{"id":322,"href":"https:\/\/www.real.edu.ee\/ajaveeb\/143a\/wp-json\/wp\/v2\/posts\/318\/revisions\/322"}],"wp:attachment":[{"href":"https:\/\/www.real.edu.ee\/ajaveeb\/143a\/wp-json\/wp\/v2\/media?parent=318"}],"wp:term":[{"taxonomy":"category","embeddable":true,"href":"https:\/\/www.real.edu.ee\/ajaveeb\/143a\/wp-json\/wp\/v2\/categories?post=318"},{"taxonomy":"post_tag","embeddable":true,"href":"https:\/\/www.real.edu.ee\/ajaveeb\/143a\/wp-json\/wp\/v2\/tags?post=318"}],"curies":[{"name":"wp","href":"https:\/\/api.w.org\/{rel}","templated":true}]}}