{"id":2233,"date":"2024-09-03T16:01:39","date_gmt":"2024-09-03T13:01:39","guid":{"rendered":"https:\/\/www.real.edu.ee\/ajaveeb\/143a\/?p=2233"},"modified":"2024-09-16T18:11:24","modified_gmt":"2024-09-16T15:11:24","slug":"kooliaasta-alguse-piknik","status":"publish","type":"post","link":"https:\/\/www.real.edu.ee\/ajaveeb\/143a\/2024\/09\/03\/kooliaasta-alguse-piknik\/","title":{"rendered":"Kooliaasta alguse piknik"},"content":{"rendered":"<p>1. september algas meil sel aastal eriliselt \u2013 suundusime klassiga Maarjam\u00e4ele piknikule. Kuigi plaan oli nautida p\u00e4eva vabas \u00f5hus, rikkus vihm k\u00f5ik plaanid. Selle asemel, et murul istuda, s\u00e4ttisime end vihma eest varju ja kogunesime \u00fchiselt suure laua \u00fcmber. \u00d5petaja tutvustas meile eesootava kooliaasta plaane. Vanemad olid samuti meie l\u00e4hedal ja pidasid omaette pikniku. Toitu oli palju, kuid vihm tegi s\u00f6\u00f6misest pisikese v\u00e4ljakutse. Hoolimata ilmast, oli meil siiski tore \u2013 r\u00e4\u00e4kisime omavahel suvemuljetest ja nautisime head seltskonda. Kuigi ilm ei olnud meie poolt, j\u00e4\u00e4b see kooliaasta algus kindlasti meelde oma erilisuse t\u00f5ttu.<\/p>\n<p><img loading=\"lazy\" decoding=\"async\" class=\"alignnone size-medium wp-image-2238\" src=\"http:\/\/www.real.edu.ee\/ajaveeb\/143a\/files\/2024\/09\/143a-piknik-2-300x225.jpeg\" alt=\"\" width=\"300\" height=\"225\" srcset=\"https:\/\/www.real.edu.ee\/ajaveeb\/143a\/files\/2024\/09\/143a-piknik-2-300x225.jpeg 300w, https:\/\/www.real.edu.ee\/ajaveeb\/143a\/files\/2024\/09\/143a-piknik-2-1024x768.jpeg 1024w, https:\/\/www.real.edu.ee\/ajaveeb\/143a\/files\/2024\/09\/143a-piknik-2-768x576.jpeg 768w, https:\/\/www.real.edu.ee\/ajaveeb\/143a\/files\/2024\/09\/143a-piknik-2-1536x1152.jpeg 1536w, https:\/\/www.real.edu.ee\/ajaveeb\/143a\/files\/2024\/09\/143a-piknik-2.jpeg 1600w\" sizes=\"auto, (max-width: 300px) 100vw, 300px\" \/><\/p>\n<p>Teksti kirjutas Maria<\/p>\n<p>Foto: Merle Rannala<\/p>\n","protected":false},"excerpt":{"rendered":"<p>1. september algas meil sel aastal eriliselt \u2013 suundusime klassiga Maarjam\u00e4ele piknikule. Kuigi plaan oli nautida p\u00e4eva vabas \u00f5hus, rikkus vihm k\u00f5ik plaanid. Selle asemel, et murul istuda, s\u00e4ttisime end vihma eest varju ja kogunesime \u00fchiselt suure laua \u00fcmber. \u00d5petaja tutvustas meile eesootava kooliaasta plaane. Vanemad olid samuti meie l\u00e4hedal ja pidasid omaette pikniku. Toitu [&hellip;]<\/p>\n","protected":false},"author":176,"featured_media":0,"comment_status":"closed","ping_status":"open","sticky":false,"template":"","format":"standard","meta":{"footnotes":""},"categories":[10],"tags":[],"class_list":["post-2233","post","type-post","status-publish","format-standard","hentry","category-oa-2024-2025"],"_links":{"self":[{"href":"https:\/\/www.real.edu.ee\/ajaveeb\/143a\/wp-json\/wp\/v2\/posts\/2233","targetHints":{"allow":["GET"]}}],"collection":[{"href":"https:\/\/www.real.edu.ee\/ajaveeb\/143a\/wp-json\/wp\/v2\/posts"}],"about":[{"href":"https:\/\/www.real.edu.ee\/ajaveeb\/143a\/wp-json\/wp\/v2\/types\/post"}],"author":[{"embeddable":true,"href":"https:\/\/www.real.edu.ee\/ajaveeb\/143a\/wp-json\/wp\/v2\/users\/176"}],"replies":[{"embeddable":true,"href":"https:\/\/www.real.edu.ee\/ajaveeb\/143a\/wp-json\/wp\/v2\/comments?post=2233"}],"version-history":[{"count":4,"href":"https:\/\/www.real.edu.ee\/ajaveeb\/143a\/wp-json\/wp\/v2\/posts\/2233\/revisions"}],"predecessor-version":[{"id":2241,"href":"https:\/\/www.real.edu.ee\/ajaveeb\/143a\/wp-json\/wp\/v2\/posts\/2233\/revisions\/2241"}],"wp:attachment":[{"href":"https:\/\/www.real.edu.ee\/ajaveeb\/143a\/wp-json\/wp\/v2\/media?parent=2233"}],"wp:term":[{"taxonomy":"category","embeddable":true,"href":"https:\/\/www.real.edu.ee\/ajaveeb\/143a\/wp-json\/wp\/v2\/categories?post=2233"},{"taxonomy":"post_tag","embeddable":true,"href":"https:\/\/www.real.edu.ee\/ajaveeb\/143a\/wp-json\/wp\/v2\/tags?post=2233"}],"curies":[{"name":"wp","href":"https:\/\/api.w.org\/{rel}","templated":true}]}}