{"id":171,"date":"2017-09-15T16:10:20","date_gmt":"2017-09-15T13:10:20","guid":{"rendered":"http:\/\/www.real.edu.ee\/ajaveeb\/143a\/?p=171"},"modified":"2017-11-26T16:19:44","modified_gmt":"2017-11-26T14:19:44","slug":"r-oppe-tund-pargis","status":"publish","type":"post","link":"https:\/\/www.real.edu.ee\/ajaveeb\/143a\/2017\/09\/15\/r-oppe-tund-pargis\/","title":{"rendered":"R-\u00f5ppe tund pargis"},"content":{"rendered":"<p>15.septembril peale spordip\u00e4eva kogunesime parki, et l\u00e4bi viia selle \u00f5ppeaasta esimest R-\u00f5ppe tundi. R\u00fchmat\u00f6\u00f6 teemaks oli &#8220;Puu vaatlus&#8221;.<\/p>\n<p>Iga r\u00fchm valis endale pargist meelep\u00e4rase puu ja pidi vaatluse p\u00f5hjal t\u00e4itma t\u00f6\u00f6lehe. Valitud puud tuli vaadelda p\u00e4ris p\u00f5hjalikult- m\u00f5\u00f5ta \u00e4ra puu leht\/okas, uurida puu koort, m\u00f5\u00f5ta puut\u00fcve \u00fcmberm\u00f5\u00f5tu ja t\u00e4ita teisi vaatlus\u00fclesandeid. Tunnis pidi kasutama ka mobiiltelefoni, et pildistada \u00fcles k\u00f5ik vajalik esitluseks.<\/p>\n<p>Kokkuv\u00f5tted r\u00fchmat\u00f6\u00f6dest tegime klassis, kus tutvustasime oma t\u00f6\u00f6lehte ja n\u00e4itasime pilte, mida olime pargis teinud.<\/p>\n\n\t\t<style type=\"text\/css\">\n\t\t\t#gallery-1 {\n\t\t\t\tmargin: auto;\n\t\t\t}\n\t\t\t#gallery-1 .gallery-item {\n\t\t\t\tfloat: left;\n\t\t\t\tmargin-top: 10px;\n\t\t\t\ttext-align: center;\n\t\t\t\twidth: 33%;\n\t\t\t}\n\t\t\t#gallery-1 img {\n\t\t\t\tborder: 2px solid #cfcfcf;\n\t\t\t}\n\t\t\t#gallery-1 .gallery-caption {\n\t\t\t\tmargin-left: 0;\n\t\t\t}\n\t\t\t\/* see gallery_shortcode() in wp-includes\/media.php *\/\n\t\t<\/style>\n\t\t<div id='gallery-1' class='gallery galleryid-171 gallery-columns-3 gallery-size-thumbnail'><dl class='gallery-item'>\n\t\t\t<dt class='gallery-icon landscape'>\n\t\t\t\t<a href='https:\/\/www.real.edu.ee\/ajaveeb\/143a\/2017\/09\/15\/r-oppe-tund-pargis\/img_2032\/'><img loading=\"lazy\" decoding=\"async\" width=\"150\" height=\"150\" src=\"https:\/\/www.real.edu.ee\/ajaveeb\/143a\/files\/2017\/11\/IMG_2032-150x150.jpg\" class=\"attachment-thumbnail size-thumbnail\" alt=\"\" \/><\/a>\n\t\t\t<\/dt><\/dl><dl class='gallery-item'>\n\t\t\t<dt class='gallery-icon landscape'>\n\t\t\t\t<a href='https:\/\/www.real.edu.ee\/ajaveeb\/143a\/2017\/09\/15\/r-oppe-tund-pargis\/img_2033\/'><img loading=\"lazy\" decoding=\"async\" width=\"150\" height=\"150\" src=\"https:\/\/www.real.edu.ee\/ajaveeb\/143a\/files\/2017\/11\/IMG_2033-150x150.jpg\" class=\"attachment-thumbnail size-thumbnail\" alt=\"\" \/><\/a>\n\t\t\t<\/dt><\/dl><dl class='gallery-item'>\n\t\t\t<dt class='gallery-icon landscape'>\n\t\t\t\t<a href='https:\/\/www.real.edu.ee\/ajaveeb\/143a\/2017\/09\/15\/r-oppe-tund-pargis\/img_2034\/'><img loading=\"lazy\" decoding=\"async\" width=\"150\" height=\"150\" src=\"https:\/\/www.real.edu.ee\/ajaveeb\/143a\/files\/2017\/11\/IMG_2034-150x150.jpg\" class=\"attachment-thumbnail size-thumbnail\" alt=\"\" \/><\/a>\n\t\t\t<\/dt><\/dl><br style=\"clear: both\" \/>\n\t\t<\/div>\n\n","protected":false},"excerpt":{"rendered":"<p>15.septembril peale spordip\u00e4eva kogunesime parki, et l\u00e4bi viia selle \u00f5ppeaasta esimest R-\u00f5ppe tundi. R\u00fchmat\u00f6\u00f6 teemaks oli &#8220;Puu vaatlus&#8221;. Iga r\u00fchm valis endale pargist meelep\u00e4rase puu ja pidi vaatluse p\u00f5hjal t\u00e4itma t\u00f6\u00f6lehe. Valitud puud tuli vaadelda p\u00e4ris p\u00f5hjalikult- m\u00f5\u00f5ta \u00e4ra puu leht\/okas, uurida puu koort, m\u00f5\u00f5ta puut\u00fcve \u00fcmberm\u00f5\u00f5tu ja t\u00e4ita teisi vaatlus\u00fclesandeid. Tunnis pidi kasutama ka [&hellip;]<\/p>\n","protected":false},"author":51,"featured_media":0,"comment_status":"closed","ping_status":"open","sticky":false,"template":"","format":"standard","meta":{"footnotes":""},"categories":[3],"tags":[],"class_list":["post-171","post","type-post","status-publish","format-standard","hentry","category-oa-20172018"],"_links":{"self":[{"href":"https:\/\/www.real.edu.ee\/ajaveeb\/143a\/wp-json\/wp\/v2\/posts\/171","targetHints":{"allow":["GET"]}}],"collection":[{"href":"https:\/\/www.real.edu.ee\/ajaveeb\/143a\/wp-json\/wp\/v2\/posts"}],"about":[{"href":"https:\/\/www.real.edu.ee\/ajaveeb\/143a\/wp-json\/wp\/v2\/types\/post"}],"author":[{"embeddable":true,"href":"https:\/\/www.real.edu.ee\/ajaveeb\/143a\/wp-json\/wp\/v2\/users\/51"}],"replies":[{"embeddable":true,"href":"https:\/\/www.real.edu.ee\/ajaveeb\/143a\/wp-json\/wp\/v2\/comments?post=171"}],"version-history":[{"count":1,"href":"https:\/\/www.real.edu.ee\/ajaveeb\/143a\/wp-json\/wp\/v2\/posts\/171\/revisions"}],"predecessor-version":[{"id":175,"href":"https:\/\/www.real.edu.ee\/ajaveeb\/143a\/wp-json\/wp\/v2\/posts\/171\/revisions\/175"}],"wp:attachment":[{"href":"https:\/\/www.real.edu.ee\/ajaveeb\/143a\/wp-json\/wp\/v2\/media?parent=171"}],"wp:term":[{"taxonomy":"category","embeddable":true,"href":"https:\/\/www.real.edu.ee\/ajaveeb\/143a\/wp-json\/wp\/v2\/categories?post=171"},{"taxonomy":"post_tag","embeddable":true,"href":"https:\/\/www.real.edu.ee\/ajaveeb\/143a\/wp-json\/wp\/v2\/tags?post=171"}],"curies":[{"name":"wp","href":"https:\/\/api.w.org\/{rel}","templated":true}]}}