{"id":1465,"date":"2022-05-17T19:56:07","date_gmt":"2022-05-17T16:56:07","guid":{"rendered":"https:\/\/www.real.edu.ee\/ajaveeb\/143a\/?p=1465"},"modified":"2022-05-22T20:08:35","modified_gmt":"2022-05-22T17:08:35","slug":"euroopa-elamuskeskuses","status":"publish","type":"post","link":"https:\/\/www.real.edu.ee\/ajaveeb\/143a\/2022\/05\/17\/euroopa-elamuskeskuses\/","title":{"rendered":"Euroopa Elamuskeskuses"},"content":{"rendered":"<p><span style=\"font-weight: 400\">17. mail k\u00e4isime \u00fchiskonna\u00f5petusetunni raames klassiga Euroopa Elamuskeskuses. R\u00e4vala puiesteel asuvas keskuses saab \u00f5ppida Euroopa Parlamendi, Euroopa Liidu ja veel teistegi asjade kohta.<\/span>Meile n\u00e4idati k\u00f5igepealt \u00fcht videot, mis seletas \u00fcldiselt \u00e4ra mis on Euroopa Liit ja milleks see \u00fcldse olemas on. Filmisaal oli \u00fcmmargune, 360 kraadise ekraaniga. Hiljem pidime tegema v\u00e4ikesed grupid ja t\u00e4itma koos t\u00f6\u00f6lehte. Selle t\u00e4itmiseks pidime otsima infot riikide ja parlamendi liikmete kohta. Info otsimiseks saime kasutada sealseid interaktiivseid infostende. <span style=\"font-weight: 400\">Kuigi selle keskuse k\u00fclastamise aeg oli meil l\u00fchike, saime me teada uut Euroopa liidu ja selle juhtimise kohta.<\/span><\/p>\n<p>Teksti kirjutas Sandra<\/p>\n<p><span style=\"font-weight: 400\"><img loading=\"lazy\" decoding=\"async\" class=\"alignnone size-medium wp-image-1468\" src=\"http:\/\/www.real.edu.ee\/ajaveeb\/143a\/files\/2022\/05\/IMG_1149-2-225x300.jpg\" alt=\"\" width=\"225\" height=\"300\" srcset=\"https:\/\/www.real.edu.ee\/ajaveeb\/143a\/files\/2022\/05\/IMG_1149-2-225x300.jpg 225w, https:\/\/www.real.edu.ee\/ajaveeb\/143a\/files\/2022\/05\/IMG_1149-2-768x1024.jpg 768w, https:\/\/www.real.edu.ee\/ajaveeb\/143a\/files\/2022\/05\/IMG_1149-2-1152x1536.jpg 1152w, https:\/\/www.real.edu.ee\/ajaveeb\/143a\/files\/2022\/05\/IMG_1149-2-1536x2048.jpg 1536w, https:\/\/www.real.edu.ee\/ajaveeb\/143a\/files\/2022\/05\/IMG_1149-2-scaled.jpg 1920w\" sizes=\"auto, (max-width: 225px) 100vw, 225px\" \/> <img loading=\"lazy\" decoding=\"async\" class=\"alignnone size-medium wp-image-1469\" src=\"http:\/\/www.real.edu.ee\/ajaveeb\/143a\/files\/2022\/05\/IMG_1145-2-300x225.jpg\" alt=\"\" width=\"300\" height=\"225\" srcset=\"https:\/\/www.real.edu.ee\/ajaveeb\/143a\/files\/2022\/05\/IMG_1145-2-300x225.jpg 300w, https:\/\/www.real.edu.ee\/ajaveeb\/143a\/files\/2022\/05\/IMG_1145-2-1024x768.jpg 1024w, https:\/\/www.real.edu.ee\/ajaveeb\/143a\/files\/2022\/05\/IMG_1145-2-768x576.jpg 768w, https:\/\/www.real.edu.ee\/ajaveeb\/143a\/files\/2022\/05\/IMG_1145-2-1536x1152.jpg 1536w, https:\/\/www.real.edu.ee\/ajaveeb\/143a\/files\/2022\/05\/IMG_1145-2-2048x1536.jpg 2048w\" sizes=\"auto, (max-width: 300px) 100vw, 300px\" \/> <img loading=\"lazy\" decoding=\"async\" class=\"alignnone size-medium wp-image-1470\" src=\"http:\/\/www.real.edu.ee\/ajaveeb\/143a\/files\/2022\/05\/IMG_1148-2-300x225.jpg\" alt=\"\" width=\"300\" height=\"225\" srcset=\"https:\/\/www.real.edu.ee\/ajaveeb\/143a\/files\/2022\/05\/IMG_1148-2-300x225.jpg 300w, https:\/\/www.real.edu.ee\/ajaveeb\/143a\/files\/2022\/05\/IMG_1148-2-1024x768.jpg 1024w, https:\/\/www.real.edu.ee\/ajaveeb\/143a\/files\/2022\/05\/IMG_1148-2-768x576.jpg 768w, https:\/\/www.real.edu.ee\/ajaveeb\/143a\/files\/2022\/05\/IMG_1148-2-1536x1152.jpg 1536w, https:\/\/www.real.edu.ee\/ajaveeb\/143a\/files\/2022\/05\/IMG_1148-2-2048x1536.jpg 2048w\" sizes=\"auto, (max-width: 300px) 100vw, 300px\" \/><\/span><\/p>\n","protected":false},"excerpt":{"rendered":"<p>17. mail k\u00e4isime \u00fchiskonna\u00f5petusetunni raames klassiga Euroopa Elamuskeskuses. R\u00e4vala puiesteel asuvas keskuses saab \u00f5ppida Euroopa Parlamendi, Euroopa Liidu ja veel teistegi asjade kohta.Meile n\u00e4idati k\u00f5igepealt \u00fcht videot, mis seletas \u00fcldiselt \u00e4ra mis on Euroopa Liit ja milleks see \u00fcldse olemas on. Filmisaal oli \u00fcmmargune, 360 kraadise ekraaniga. Hiljem pidime tegema v\u00e4ikesed grupid ja t\u00e4itma koos [&hellip;]<\/p>\n","protected":false},"author":176,"featured_media":0,"comment_status":"closed","ping_status":"open","sticky":false,"template":"","format":"standard","meta":{"footnotes":""},"categories":[7],"tags":[],"class_list":["post-1465","post","type-post","status-publish","format-standard","hentry","category-oa-2021-2022"],"_links":{"self":[{"href":"https:\/\/www.real.edu.ee\/ajaveeb\/143a\/wp-json\/wp\/v2\/posts\/1465","targetHints":{"allow":["GET"]}}],"collection":[{"href":"https:\/\/www.real.edu.ee\/ajaveeb\/143a\/wp-json\/wp\/v2\/posts"}],"about":[{"href":"https:\/\/www.real.edu.ee\/ajaveeb\/143a\/wp-json\/wp\/v2\/types\/post"}],"author":[{"embeddable":true,"href":"https:\/\/www.real.edu.ee\/ajaveeb\/143a\/wp-json\/wp\/v2\/users\/176"}],"replies":[{"embeddable":true,"href":"https:\/\/www.real.edu.ee\/ajaveeb\/143a\/wp-json\/wp\/v2\/comments?post=1465"}],"version-history":[{"count":4,"href":"https:\/\/www.real.edu.ee\/ajaveeb\/143a\/wp-json\/wp\/v2\/posts\/1465\/revisions"}],"predecessor-version":[{"id":1472,"href":"https:\/\/www.real.edu.ee\/ajaveeb\/143a\/wp-json\/wp\/v2\/posts\/1465\/revisions\/1472"}],"wp:attachment":[{"href":"https:\/\/www.real.edu.ee\/ajaveeb\/143a\/wp-json\/wp\/v2\/media?parent=1465"}],"wp:term":[{"taxonomy":"category","embeddable":true,"href":"https:\/\/www.real.edu.ee\/ajaveeb\/143a\/wp-json\/wp\/v2\/categories?post=1465"},{"taxonomy":"post_tag","embeddable":true,"href":"https:\/\/www.real.edu.ee\/ajaveeb\/143a\/wp-json\/wp\/v2\/tags?post=1465"}],"curies":[{"name":"wp","href":"https:\/\/api.w.org\/{rel}","templated":true}]}}