{"id":5,"date":"2024-09-02T13:55:31","date_gmt":"2024-09-02T13:55:31","guid":{"rendered":"https:\/\/www.real.edu.ee\/ajaveeb\/142b\/?p=5"},"modified":"2024-11-07T13:59:46","modified_gmt":"2024-11-07T13:59:46","slug":"esimene-koolipaev","status":"publish","type":"post","link":"https:\/\/www.real.edu.ee\/ajaveeb\/142b\/2024\/09\/02\/esimene-koolipaev\/","title":{"rendered":"Esimene koolip\u00e4ev"},"content":{"rendered":"<p><span style=\"font-weight: 400\">See aasta toimus esimene koolip\u00e4ev 2. septembril. Saime k\u00f5ik kokku klassiruumis 302, puhusime veidi juttu, sest olime juba 28. augustil k\u00f5ik tuttavaks saanud. Veidi hiljem oli aeg asuda Poisi juurde, kus toimus pidulik m\u00fctsiaktus, peale mida saime t\u00e4is\u00f5iguslikeks g\u00fcmnasistideks. M\u00fctsiaktusele j\u00e4rgnes ka \u00fcldine aktus tervele g\u00fcmnaasiumile. Peale \u201cpingsat\u201d esimest koolip\u00e4eva k\u00f5ndisid k\u00f5ik koolimajast v\u00e4lja, uued koolim\u00fctsid peas<\/span><\/p>\n\n\t\t<style type=\"text\/css\">\n\t\t\t#gallery-1 {\n\t\t\t\tmargin: auto;\n\t\t\t}\n\t\t\t#gallery-1 .gallery-item {\n\t\t\t\tfloat: left;\n\t\t\t\tmargin-top: 10px;\n\t\t\t\ttext-align: center;\n\t\t\t\twidth: 33%;\n\t\t\t}\n\t\t\t#gallery-1 img {\n\t\t\t\tborder: 2px solid #cfcfcf;\n\t\t\t}\n\t\t\t#gallery-1 .gallery-caption {\n\t\t\t\tmargin-left: 0;\n\t\t\t}\n\t\t\t\/* see gallery_shortcode() in wp-includes\/media.php *\/\n\t\t<\/style>\n\t\t<div id='gallery-1' class='gallery galleryid-5 gallery-columns-3 gallery-size-thumbnail'><dl class='gallery-item'>\n\t\t\t<dt class='gallery-icon landscape'>\n\t\t\t\t<a href='https:\/\/www.real.edu.ee\/ajaveeb\/142b\/2024\/09\/02\/esimene-koolipaev\/img_7715\/'><img loading=\"lazy\" decoding=\"async\" width=\"150\" height=\"150\" src=\"https:\/\/www.real.edu.ee\/ajaveeb\/142b\/files\/2024\/11\/IMG_7715-150x150.jpg\" class=\"attachment-thumbnail size-thumbnail\" alt=\"\" \/><\/a>\n\t\t\t<\/dt><\/dl><dl class='gallery-item'>\n\t\t\t<dt class='gallery-icon portrait'>\n\t\t\t\t<a href='https:\/\/www.real.edu.ee\/ajaveeb\/142b\/2024\/09\/02\/esimene-koolipaev\/img_7716\/'><img loading=\"lazy\" decoding=\"async\" width=\"150\" height=\"150\" src=\"https:\/\/www.real.edu.ee\/ajaveeb\/142b\/files\/2024\/11\/IMG_7716-150x150.jpg\" class=\"attachment-thumbnail size-thumbnail\" alt=\"\" \/><\/a>\n\t\t\t<\/dt><\/dl><dl class='gallery-item'>\n\t\t\t<dt class='gallery-icon landscape'>\n\t\t\t\t<a href='https:\/\/www.real.edu.ee\/ajaveeb\/142b\/2024\/09\/02\/esimene-koolipaev\/img_2317\/'><img loading=\"lazy\" decoding=\"async\" width=\"150\" height=\"150\" src=\"https:\/\/www.real.edu.ee\/ajaveeb\/142b\/files\/2024\/11\/IMG_2317-150x150.jpg\" class=\"attachment-thumbnail size-thumbnail\" alt=\"\" \/><\/a>\n\t\t\t<\/dt><\/dl><br style=\"clear: both\" \/>\n\t\t<\/div>\n\n","protected":false},"excerpt":{"rendered":"<p>See aasta toimus esimene koolip\u00e4ev 2. septembril. Saime k\u00f5ik kokku klassiruumis 302, puhusime veidi juttu, sest olime juba 28. augustil k\u00f5ik tuttavaks saanud. Veidi hiljem oli aeg asuda Poisi juurde, kus toimus pidulik m\u00fctsiaktus, peale mida saime t\u00e4is\u00f5iguslikeks g\u00fcmnasistideks. M\u00fctsiaktusele j\u00e4rgnes ka \u00fcldine aktus tervele g\u00fcmnaasiumile. Peale \u201cpingsat\u201d esimest koolip\u00e4eva k\u00f5ndisid k\u00f5ik koolimajast v\u00e4lja, uued [&hellip;]<\/p>\n","protected":false},"author":221,"featured_media":0,"comment_status":"closed","ping_status":"open","sticky":false,"template":"","format":"standard","meta":{"footnotes":""},"categories":[2],"tags":[],"class_list":["post-5","post","type-post","status-publish","format-standard","hentry","category-september-2024"],"_links":{"self":[{"href":"https:\/\/www.real.edu.ee\/ajaveeb\/142b\/wp-json\/wp\/v2\/posts\/5","targetHints":{"allow":["GET"]}}],"collection":[{"href":"https:\/\/www.real.edu.ee\/ajaveeb\/142b\/wp-json\/wp\/v2\/posts"}],"about":[{"href":"https:\/\/www.real.edu.ee\/ajaveeb\/142b\/wp-json\/wp\/v2\/types\/post"}],"author":[{"embeddable":true,"href":"https:\/\/www.real.edu.ee\/ajaveeb\/142b\/wp-json\/wp\/v2\/users\/221"}],"replies":[{"embeddable":true,"href":"https:\/\/www.real.edu.ee\/ajaveeb\/142b\/wp-json\/wp\/v2\/comments?post=5"}],"version-history":[{"count":1,"href":"https:\/\/www.real.edu.ee\/ajaveeb\/142b\/wp-json\/wp\/v2\/posts\/5\/revisions"}],"predecessor-version":[{"id":9,"href":"https:\/\/www.real.edu.ee\/ajaveeb\/142b\/wp-json\/wp\/v2\/posts\/5\/revisions\/9"}],"wp:attachment":[{"href":"https:\/\/www.real.edu.ee\/ajaveeb\/142b\/wp-json\/wp\/v2\/media?parent=5"}],"wp:term":[{"taxonomy":"category","embeddable":true,"href":"https:\/\/www.real.edu.ee\/ajaveeb\/142b\/wp-json\/wp\/v2\/categories?post=5"},{"taxonomy":"post_tag","embeddable":true,"href":"https:\/\/www.real.edu.ee\/ajaveeb\/142b\/wp-json\/wp\/v2\/tags?post=5"}],"curies":[{"name":"wp","href":"https:\/\/api.w.org\/{rel}","templated":true}]}}