{"id":44,"date":"2024-12-05T16:19:29","date_gmt":"2024-12-05T16:19:29","guid":{"rendered":"https:\/\/www.real.edu.ee\/ajaveeb\/142b\/?p=44"},"modified":"2025-01-08T16:21:18","modified_gmt":"2025-01-08T16:21:18","slug":"tantsukava","status":"publish","type":"post","link":"https:\/\/www.real.edu.ee\/ajaveeb\/142b\/2024\/12\/05\/tantsukava\/","title":{"rendered":"Tantsukava"},"content":{"rendered":"<p><span style=\"font-weight: 400\">5. detsembril toimus Kalevi spordihallis liikumiskavade esitamine. Teemaks oli Ladina-Ameerika r\u00fctmid ja meie s\u00e4rtsaka kava kallal tegid t\u00f6\u00f6d meie klassi parimad tantsijad: Helena, Paula ja Ele-Riin. N\u00e4gime harjutamisega palju vaeva ning proove sai tehtud ka vahetundides. Meie mitmek\u00fclgne kava koosnes paarisosast, poiste jalkaosast, t\u00fcdrukute<em> bachata<\/em> tantsust ja \u00fchisest tantsust l\u00f5pus. Klassijuhataja s\u00f5nul oli tema jaoks k\u00f5ige meeldej\u00e4\u00e4vam osa poiste \u201cussiliigutus\u201d. T\u00fcdrukud kandsid s\u00e4ravaid v\u00e4rvilisi seelikuid ja poiste riietuseks olid kirjud Hawaii-teemalised s\u00e4rgid. V\u00f5itu k\u00fcll see kord ei tulnud, kuid klassijuhatajat tsiteerides: \u201cMinu jaoks 1. koht on 10.b\ud83d\ude01\u201d<\/span><\/p>\n<p><span style=\"font-weight: 400\">Kirjutasid: Roosi, Ingeli, Elisabeth T.<\/span><\/p>\n\n\t\t<style type=\"text\/css\">\n\t\t\t#gallery-1 {\n\t\t\t\tmargin: auto;\n\t\t\t}\n\t\t\t#gallery-1 .gallery-item {\n\t\t\t\tfloat: left;\n\t\t\t\tmargin-top: 10px;\n\t\t\t\ttext-align: center;\n\t\t\t\twidth: 50%;\n\t\t\t}\n\t\t\t#gallery-1 img {\n\t\t\t\tborder: 2px solid #cfcfcf;\n\t\t\t}\n\t\t\t#gallery-1 .gallery-caption {\n\t\t\t\tmargin-left: 0;\n\t\t\t}\n\t\t\t\/* see gallery_shortcode() in wp-includes\/media.php *\/\n\t\t<\/style>\n\t\t<div id='gallery-1' class='gallery galleryid-44 gallery-columns-2 gallery-size-thumbnail'><dl class='gallery-item'>\n\t\t\t<dt class='gallery-icon portrait'>\n\t\t\t\t<a href='https:\/\/www.real.edu.ee\/ajaveeb\/142b\/2024\/12\/05\/tantsukava\/img_8848\/'><img loading=\"lazy\" decoding=\"async\" width=\"150\" height=\"150\" src=\"https:\/\/www.real.edu.ee\/ajaveeb\/142b\/files\/2025\/01\/IMG_8848-150x150.jpg\" class=\"attachment-thumbnail size-thumbnail\" alt=\"\" \/><\/a>\n\t\t\t<\/dt><\/dl><dl class='gallery-item'>\n\t\t\t<dt class='gallery-icon portrait'>\n\t\t\t\t<a href='https:\/\/www.real.edu.ee\/ajaveeb\/142b\/2024\/12\/05\/tantsukava\/img_8847\/'><img loading=\"lazy\" decoding=\"async\" width=\"150\" height=\"150\" src=\"https:\/\/www.real.edu.ee\/ajaveeb\/142b\/files\/2025\/01\/IMG_8847-150x150.jpg\" class=\"attachment-thumbnail size-thumbnail\" alt=\"\" \/><\/a>\n\t\t\t<\/dt><\/dl><br style=\"clear: both\" \/><dl class='gallery-item'>\n\t\t\t<dt class='gallery-icon portrait'>\n\t\t\t\t<a href='https:\/\/www.real.edu.ee\/ajaveeb\/142b\/2024\/12\/05\/tantsukava\/cjykmlnuyxbjagf0lzezlje3ljaundugkglqag9uzte1ldq7iglpuyaxoc4xlje7igd6axapiai\/'><img loading=\"lazy\" decoding=\"async\" width=\"150\" height=\"150\" src=\"https:\/\/www.real.edu.ee\/ajaveeb\/142b\/files\/2025\/01\/IMG_8374-150x150.jpg\" class=\"attachment-thumbnail size-thumbnail\" alt=\"\" aria-describedby=\"gallery-1-60\" \/><\/a>\n\t\t\t<\/dt>\n\t\t\t\t<dd class='wp-caption-text gallery-caption' id='gallery-1-60'>\n\t\t\t\tCjYKMlNuYXBjaGF0LzEzLjE3LjAuNDUgKGlQaG9uZTE1LDQ7IGlPUyAxOC4xLjE7IGd6aXApIAI=\n\t\t\t\t<\/dd><\/dl><dl class='gallery-item'>\n\t\t\t<dt class='gallery-icon portrait'>\n\t\t\t\t<a href='https:\/\/www.real.edu.ee\/ajaveeb\/142b\/2024\/12\/05\/tantsukava\/img_8844\/'><img loading=\"lazy\" decoding=\"async\" width=\"150\" height=\"150\" src=\"https:\/\/www.real.edu.ee\/ajaveeb\/142b\/files\/2025\/01\/IMG_8844-150x150.jpg\" class=\"attachment-thumbnail size-thumbnail\" alt=\"\" \/><\/a>\n\t\t\t<\/dt><\/dl><br style=\"clear: both\" \/>\n\t\t<\/div>\n\n<p>&nbsp;<\/p>\n","protected":false},"excerpt":{"rendered":"<p>5. detsembril toimus Kalevi spordihallis liikumiskavade esitamine. Teemaks oli Ladina-Ameerika r\u00fctmid ja meie s\u00e4rtsaka kava kallal tegid t\u00f6\u00f6d meie klassi parimad tantsijad: Helena, Paula ja Ele-Riin. N\u00e4gime harjutamisega palju vaeva ning proove sai tehtud ka vahetundides. Meie mitmek\u00fclgne kava koosnes paarisosast, poiste jalkaosast, t\u00fcdrukute bachata tantsust ja \u00fchisest tantsust l\u00f5pus. Klassijuhataja s\u00f5nul oli tema jaoks [&hellip;]<\/p>\n","protected":false},"author":221,"featured_media":0,"comment_status":"closed","ping_status":"open","sticky":false,"template":"","format":"standard","meta":{"footnotes":""},"categories":[4],"tags":[],"class_list":["post-44","post","type-post","status-publish","format-standard","hentry","category-detsember-2024"],"_links":{"self":[{"href":"https:\/\/www.real.edu.ee\/ajaveeb\/142b\/wp-json\/wp\/v2\/posts\/44","targetHints":{"allow":["GET"]}}],"collection":[{"href":"https:\/\/www.real.edu.ee\/ajaveeb\/142b\/wp-json\/wp\/v2\/posts"}],"about":[{"href":"https:\/\/www.real.edu.ee\/ajaveeb\/142b\/wp-json\/wp\/v2\/types\/post"}],"author":[{"embeddable":true,"href":"https:\/\/www.real.edu.ee\/ajaveeb\/142b\/wp-json\/wp\/v2\/users\/221"}],"replies":[{"embeddable":true,"href":"https:\/\/www.real.edu.ee\/ajaveeb\/142b\/wp-json\/wp\/v2\/comments?post=44"}],"version-history":[{"count":2,"href":"https:\/\/www.real.edu.ee\/ajaveeb\/142b\/wp-json\/wp\/v2\/posts\/44\/revisions"}],"predecessor-version":[{"id":62,"href":"https:\/\/www.real.edu.ee\/ajaveeb\/142b\/wp-json\/wp\/v2\/posts\/44\/revisions\/62"}],"wp:attachment":[{"href":"https:\/\/www.real.edu.ee\/ajaveeb\/142b\/wp-json\/wp\/v2\/media?parent=44"}],"wp:term":[{"taxonomy":"category","embeddable":true,"href":"https:\/\/www.real.edu.ee\/ajaveeb\/142b\/wp-json\/wp\/v2\/categories?post=44"},{"taxonomy":"post_tag","embeddable":true,"href":"https:\/\/www.real.edu.ee\/ajaveeb\/142b\/wp-json\/wp\/v2\/tags?post=44"}],"curies":[{"name":"wp","href":"https:\/\/api.w.org\/{rel}","templated":true}]}}