{"id":27,"date":"2024-08-28T17:23:05","date_gmt":"2024-08-28T17:23:05","guid":{"rendered":"https:\/\/www.real.edu.ee\/ajaveeb\/142b\/?p=27"},"modified":"2024-11-20T17:01:04","modified_gmt":"2024-11-20T17:01:04","slug":"klassiga-tutvumime","status":"publish","type":"post","link":"https:\/\/www.real.edu.ee\/ajaveeb\/142b\/2024\/08\/28\/klassiga-tutvumime\/","title":{"rendered":"Klassiga tutvumime"},"content":{"rendered":"<p><span style=\"font-weight: 400\">Meie klassi, 142B, lugu sai alguse tutvumisp\u00e4eval, mis t\u00f5i kokku t\u00e4iesti erineva taustaga noored. See oli p\u00e4ev t\u00e4is esimesi kohtumisi ja uusi algusi \u2013 \u00f5hus oli nii elevust kui ka v\u00e4ikest ebakindlust. V\u00f5\u00f5rastest said kaaslased ning alguse sai teekond, mis meid k\u00f5iki \u00fchtseks muudab.\u00a0\u00a0<\/span><\/p>\n<p><span style=\"font-weight: 400\">P\u00e4ev algas praktiliste toimingutega: saime k\u00e4tte \u00f5pikud, mis justkui s\u00fcmboliseerisid k\u00f5ike, mida meile j\u00e4rgmise kooliaasta jooksul \u00f5petatakse. L\u00f5ime oma koolikontod, tehes esimesed sammud Reaalkooli igap\u00e4evaellu. Peagi kohtusime oma klassijuhataja, Nataljaga. Tema avatus ja nooruslikkus l\u00f5id kohe s\u00f5braliku ja sooja \u00f5hkkonna, mis aitas meil end klassiruumis koduselt tunda. Natalja v\u00f5itis oma siira hoolivuse ja heatahtliku olekuga meie k\u00f5igi usalduse juba esimesest kohtumisest.\u00a0\u00a0<\/span><\/p>\n<p><span style=\"font-weight: 400\">Samal p\u00e4eval kuulsime kooli \u00f5ppekava kohta Daniel Kaasikult, kes tutvustas s\u00fcsteemi ja reegleid, mis tundusid esmapilgul nii suured ja t\u00e4htsad. Samuti r\u00e4\u00e4giti Reaalkooli traditsioonidest \u2013 neist, mis on p\u00fcsinud ajaproovile vastu ja mis annavad koolile selle erilise Vaimu. Oli tunne, et meist k\u00f5igist on saanud osa millestki palju suuremast.\u00a0\u00a0<\/span><\/p>\n<p><span style=\"font-weight: 400\">J\u00e4rgmine p\u00e4ev t\u00f5i kaasa esimese \u00fchise ettev\u00f5tmise v\u00e4ljaspool kooliseinu \u2013 korraldasime klassiga pikniku Kadrioru pargis. Ilm oli ilus, tuju hea ja p\u00e4ev kujunes t\u00f5eliselt meeldej\u00e4\u00e4vaks. M\u00e4ngisime palli, r\u00e4\u00e4kisime, naersime \u2013 see oli lihtne, kuid siiras ja r\u00f5\u00f5mus hetk, mis aitas meil \u00fcksteisega paremini tuttavaks saada.<\/span><\/p>\n<p><span style=\"background-color: #ffffff\">Kirjutas Helena\u00a0<\/span><\/p>\n<p><img loading=\"lazy\" decoding=\"async\" class=\"size-medium wp-image-28 alignleft\" src=\"http:\/\/www.real.edu.ee\/ajaveeb\/142b\/files\/2024\/11\/IMG_8182-2-225x300.jpg\" alt=\"\" width=\"225\" height=\"300\" srcset=\"https:\/\/www.real.edu.ee\/ajaveeb\/142b\/files\/2024\/11\/IMG_8182-2-225x300.jpg 225w, https:\/\/www.real.edu.ee\/ajaveeb\/142b\/files\/2024\/11\/IMG_8182-2-768x1024.jpg 768w, https:\/\/www.real.edu.ee\/ajaveeb\/142b\/files\/2024\/11\/IMG_8182-2-1152x1536.jpg 1152w, https:\/\/www.real.edu.ee\/ajaveeb\/142b\/files\/2024\/11\/IMG_8182-2-1536x2048.jpg 1536w, https:\/\/www.real.edu.ee\/ajaveeb\/142b\/files\/2024\/11\/IMG_8182-2.jpg 1656w\" sizes=\"auto, (max-width: 225px) 100vw, 225px\" \/><\/p>\n","protected":false},"excerpt":{"rendered":"<p>Meie klassi, 142B, lugu sai alguse tutvumisp\u00e4eval, mis t\u00f5i kokku t\u00e4iesti erineva taustaga noored. See oli p\u00e4ev t\u00e4is esimesi kohtumisi ja uusi algusi \u2013 \u00f5hus oli nii elevust kui ka v\u00e4ikest ebakindlust. V\u00f5\u00f5rastest said kaaslased ning alguse sai teekond, mis meid k\u00f5iki \u00fchtseks muudab.\u00a0\u00a0 P\u00e4ev algas praktiliste toimingutega: saime k\u00e4tte \u00f5pikud, mis justkui s\u00fcmboliseerisid k\u00f5ike, [&hellip;]<\/p>\n","protected":false},"author":221,"featured_media":0,"comment_status":"closed","ping_status":"open","sticky":false,"template":"","format":"standard","meta":{"footnotes":""},"categories":[2],"tags":[],"class_list":["post-27","post","type-post","status-publish","format-standard","hentry","category-september-2024"],"_links":{"self":[{"href":"https:\/\/www.real.edu.ee\/ajaveeb\/142b\/wp-json\/wp\/v2\/posts\/27","targetHints":{"allow":["GET"]}}],"collection":[{"href":"https:\/\/www.real.edu.ee\/ajaveeb\/142b\/wp-json\/wp\/v2\/posts"}],"about":[{"href":"https:\/\/www.real.edu.ee\/ajaveeb\/142b\/wp-json\/wp\/v2\/types\/post"}],"author":[{"embeddable":true,"href":"https:\/\/www.real.edu.ee\/ajaveeb\/142b\/wp-json\/wp\/v2\/users\/221"}],"replies":[{"embeddable":true,"href":"https:\/\/www.real.edu.ee\/ajaveeb\/142b\/wp-json\/wp\/v2\/comments?post=27"}],"version-history":[{"count":1,"href":"https:\/\/www.real.edu.ee\/ajaveeb\/142b\/wp-json\/wp\/v2\/posts\/27\/revisions"}],"predecessor-version":[{"id":29,"href":"https:\/\/www.real.edu.ee\/ajaveeb\/142b\/wp-json\/wp\/v2\/posts\/27\/revisions\/29"}],"wp:attachment":[{"href":"https:\/\/www.real.edu.ee\/ajaveeb\/142b\/wp-json\/wp\/v2\/media?parent=27"}],"wp:term":[{"taxonomy":"category","embeddable":true,"href":"https:\/\/www.real.edu.ee\/ajaveeb\/142b\/wp-json\/wp\/v2\/categories?post=27"},{"taxonomy":"post_tag","embeddable":true,"href":"https:\/\/www.real.edu.ee\/ajaveeb\/142b\/wp-json\/wp\/v2\/tags?post=27"}],"curies":[{"name":"wp","href":"https:\/\/api.w.org\/{rel}","templated":true}]}}