{"id":184,"date":"2024-02-24T21:21:16","date_gmt":"2024-02-24T21:21:16","guid":{"rendered":"https:\/\/www.real.edu.ee\/ajaveeb\/141c\/?p=184"},"modified":"2024-05-22T20:51:03","modified_gmt":"2024-05-22T20:51:03","slug":"eesti-vabariigi-106-aastapaev","status":"publish","type":"post","link":"https:\/\/www.real.edu.ee\/ajaveeb\/141c\/2024\/02\/24\/eesti-vabariigi-106-aastapaev\/","title":{"rendered":"Eesti Vabariigi 106. aastap\u00e4ev"},"content":{"rendered":"<p><span style=\"font-weight: 400;font-family: 'times new roman', times, serif\">Eesti Vabariigi 106. s\u00fcnnip\u00e4eva t\u00e4histamine Toompeal oli eriline ja pidulik. Meie, Tallinna Reaalkooli 141.c klassi \u00f5pilased, olime esireas, et osaleda lipu heiskamise tseremoonial. \u00dcheskoos teistega kogunesime varahommikul Toompeale, et austada meie riigi iseseisvust.<\/span><\/p>\n<p><span style=\"font-weight: 400;font-family: 'times new roman', times, serif\">Tseremoonia algas traditsiooniliselt Eesti h\u00fcmni laulmisega. T\u00f5stsime oma sinimustvalged lipud k\u00f5rgele ja tundsime uhkust oma kodumaa \u00fcle. Meie \u00f5ppealajuhataja Madis Somelar oli samuti kohal ja juhtis meid kogu \u00fcrituse v\u00e4ltel.<\/span><\/p>\n<p><span style=\"font-family: 'times new roman', times, serif\"><img loading=\"lazy\" decoding=\"async\" class=\"\" src=\"https:\/\/scontent.ftll3-1.fna.fbcdn.net\/v\/t39.30808-6\/424975028_925821849546628_4669464473006661078_n.jpg?_nc_cat=101&amp;ccb=1-7&amp;_nc_sid=5f2048&amp;_nc_ohc=HXpsjv_HploQ7kNvgGpYjDw&amp;_nc_ht=scontent.ftll3-1.fna&amp;oh=00_AYCkVI_Yyq-kOmSuvQCA42pPJLVtOGuHg-HbqXhPJvLoGw&amp;oe=66543449\" alt=\"V\u00f5ib olla pilt j\u00e4rgmisest: 1 isik\" width=\"477\" height=\"318\" \/><\/span><\/p>\n<p><span style=\"font-family: 'times new roman', times, serif;color: #808080\">Autor: Chris Robin Talts<\/span><\/p>\n<p><span style=\"font-weight: 400;font-family: 'times new roman', times, serif\">Enne lipu heiskamist jagati meile v\u00e4ikseid Eesti lippe ning peale seda osalesid m\u00f5ned meist rahvuslikus rongk\u00e4igus. See oli v\u00f5imas kogemus, mis j\u00e4\u00e4b meelde kogu eluks. Tundus, nagu oleksime osa millestki suuremast, hoides au sees meie riigi ajalugu ja traditsioone.<\/span><\/p>\n<p><span style=\"font-weight: 400;font-family: 'times new roman', times, serif\">P\u00e4eva l\u00f5pus vahetasime muljeid ja tegime palju pilte, et j\u00e4\u00e4dvustada need hetked. See oli p\u00e4ev, mis \u00fchendab meid k\u00f5iki, olenemata vanusest v\u00f5i taustast, ja paneb m\u00f5istma, kui oluline on hoida ja kaitsta oma kodumaa v\u00e4\u00e4rtusi.<\/span><\/p>\n<p><em><span style=\"font-family: 'times new roman', times, serif\">Autor: Karl August Vahur<\/span><\/em><\/p>\n","protected":false},"excerpt":{"rendered":"<p>Eesti Vabariigi 106. s\u00fcnnip\u00e4eva t\u00e4histamine Toompeal oli eriline ja pidulik. Meie, Tallinna Reaalkooli 141.c klassi \u00f5pilased, olime esireas, et osaleda lipu heiskamise tseremoonial. \u00dcheskoos teistega kogunesime varahommikul Toompeale, et austada meie riigi iseseisvust. Tseremoonia algas traditsiooniliselt Eesti h\u00fcmni laulmisega. T\u00f5stsime oma sinimustvalged lipud k\u00f5rgele ja tundsime uhkust oma kodumaa \u00fcle. Meie \u00f5ppealajuhataja Madis Somelar oli [&hellip;]<\/p>\n","protected":false},"author":210,"featured_media":0,"comment_status":"closed","ping_status":"open","sticky":false,"template":"","format":"standard","meta":{"footnotes":""},"categories":[1],"tags":[],"class_list":["post-184","post","type-post","status-publish","format-standard","hentry","category-maaratlemata"],"_links":{"self":[{"href":"https:\/\/www.real.edu.ee\/ajaveeb\/141c\/wp-json\/wp\/v2\/posts\/184","targetHints":{"allow":["GET"]}}],"collection":[{"href":"https:\/\/www.real.edu.ee\/ajaveeb\/141c\/wp-json\/wp\/v2\/posts"}],"about":[{"href":"https:\/\/www.real.edu.ee\/ajaveeb\/141c\/wp-json\/wp\/v2\/types\/post"}],"author":[{"embeddable":true,"href":"https:\/\/www.real.edu.ee\/ajaveeb\/141c\/wp-json\/wp\/v2\/users\/210"}],"replies":[{"embeddable":true,"href":"https:\/\/www.real.edu.ee\/ajaveeb\/141c\/wp-json\/wp\/v2\/comments?post=184"}],"version-history":[{"count":7,"href":"https:\/\/www.real.edu.ee\/ajaveeb\/141c\/wp-json\/wp\/v2\/posts\/184\/revisions"}],"predecessor-version":[{"id":191,"href":"https:\/\/www.real.edu.ee\/ajaveeb\/141c\/wp-json\/wp\/v2\/posts\/184\/revisions\/191"}],"wp:attachment":[{"href":"https:\/\/www.real.edu.ee\/ajaveeb\/141c\/wp-json\/wp\/v2\/media?parent=184"}],"wp:term":[{"taxonomy":"category","embeddable":true,"href":"https:\/\/www.real.edu.ee\/ajaveeb\/141c\/wp-json\/wp\/v2\/categories?post=184"},{"taxonomy":"post_tag","embeddable":true,"href":"https:\/\/www.real.edu.ee\/ajaveeb\/141c\/wp-json\/wp\/v2\/tags?post=184"}],"curies":[{"name":"wp","href":"https:\/\/api.w.org\/{rel}","templated":true}]}}