{"id":154,"date":"2023-12-11T19:51:36","date_gmt":"2023-12-11T19:51:36","guid":{"rendered":"https:\/\/www.real.edu.ee\/ajaveeb\/141c\/?p=154"},"modified":"2024-05-22T20:56:37","modified_gmt":"2024-05-22T20:56:37","slug":"klases-brauciens-uz-rigu-ehk-klassireis-riiga","status":"publish","type":"post","link":"https:\/\/www.real.edu.ee\/ajaveeb\/141c\/2023\/12\/11\/klases-brauciens-uz-rigu-ehk-klassireis-riiga\/","title":{"rendered":"Klases brauciens uz R\u012bgu ehk klassireis Riiga"},"content":{"rendered":"<p><span style=\"font-weight: 400;font-family: 'times new roman', times, serif\">8. &#8211; 9. detsembril veetsime klassiga meeleoluka j\u00f5ulueelse reisi Riias.\u00a0<\/span><\/p>\n<p><span style=\"font-weight: 400;font-family: 'times new roman', times, serif\">Reis algas k\u00f5igil koos ikka kooli juurest, v\u00f5tsime k\u00f5ik oma pakitud vajaliku kraami kaasa ja asusime teele. P\u00e4rnus tegime esimese peatuse, kus tuli kaasa meile giid, kes tutvustas meile mitmek\u00fclgselt kohalikku eluolu. Nii saime terve bussis\u00f5idu aja kuulata huvitavaid fakte erinevatest kohtadest, kus me parasjagu viibisime.\u00a0<\/span><\/p>\n<p><span style=\"font-weight: 400;font-family: 'times new roman', times, serif\">J\u00e4rgmine peatus oli piiripunktis Iklas. Tegime \u00fche pikema pausi, kes vaatas seal suveniiripoes vahvaid m\u00fctse ning kes s\u00f6\u00f6ma l\u00e4ks oli iga\u00fche enda asi. Sealt liikusime edasi kuni j\u00f5udsime Turaida piiskopilinusesse, seal saime ise jooksvalt ringi vaadata ja avastada ning nautida imelisi vaateid talvisest L\u00e4ti loodusest.<\/span><\/p>\n<p><img loading=\"lazy\" decoding=\"async\" class=\"\" src=\"https:\/\/lh3.googleusercontent.com\/pw\/AP1GczPbA7KdtirqvEnkGiLV-4-MM1DaagkGhgKRThCKk9XCD9MtmjTjxfkRADsqLoeU1vclEtTlgjRla0ACg2MXAh2DBJSeXcSrcakNvyaul0QP293z31KQyDtoLlW-w2wXrNA7pndryJkMJsNhW007DQs=w1215-h911-s-no-gm?authuser=1\" width=\"534\" height=\"400\" \/><\/p>\n<p><span style=\"color: #808080;font-family: 'times new roman', times, serif\">Imeilus vaade Turaida piiskopilinnusest. Autor: Karl August Vahur<\/span><\/p>\n<p><span style=\"font-weight: 400;font-family: 'times new roman', times, serif\">\u00d5htu saabudes j\u00f5udsime k\u00f5ik koos Riiga ning viisime oma asjad \u00e4ra hotelli, et nautida \u00f5htust melu.\u00a0 Oma vaba aja enne \u00f6\u00f6 saabumist saime ise sisustada ning enamus l\u00e4ks avastama Riia vanalinna ja sealset j\u00f5uluturgu omas elemendis.\u00a0<\/span><\/p>\n<p><span style=\"font-family: 'times new roman', times, serif\"><img loading=\"lazy\" decoding=\"async\" class=\"\" src=\"https:\/\/lh3.googleusercontent.com\/pw\/AP1GczPEZFMx9Ip9Tyofv50mVSXbCyIzbVc64qFXkWFETX-bNl9uY0nkUlv6Xo37p4KeA7SDVTT1A-v7H8wRL627M0vCU-_yQtj3clux3YgS87EmPDF0x_rys6YVWRzC7m2sghY4VjOt5whCmucNU1fQeiDw=w1367-h911-s-no-gm?authuser=1\" width=\"526\" height=\"350\" \/><\/span><\/p>\n<p><span style=\"color: #808080;font-family: 'times new roman', times, serif\">J\u00f5uluturg. Autor: Kaarel Tammann<\/span><\/p>\n<p><span style=\"font-weight: 400;font-family: 'times new roman', times, serif\">Hommikul s\u00f5ime k\u00f5ik r\u00f5\u00f5msalt hommikus\u00f6\u00f6ki ja alustasime reisi teist p\u00f5nevat p\u00e4eva. S\u00f5itsime bussiga vanalinna ning meie linnatuur algas. Giid seletas huvitavalt ja kaasahaaravalt linna ajaloost, majade arhitektuurist, vanadest linnalegendidest ja traditsioonidest.<\/span><\/p>\n<p><strong><span style=\"font-family: 'times new roman', times, serif\">Reisi teine p\u00e4ev (Laima \u0161okolaadivabrik ja kojus\u00f5it)<\/span><\/strong><\/p>\n<p><span style=\"font-weight: 400;font-family: 'times new roman', times, serif\">Reisi l\u00f5petuseks seadsime sammud Laima \u0161okolaadivabrikusse. Meie klass jagati kahte gruppi: \u00fcks l\u00e4ks avastama muuseumipoolt ning teine maitsvaid komme meisterdama. Eriti magusaks muutis \u00f5pilaste tuju asjaolu, et valmistatud kommid sai karpi pakkida ning kodustele n\u00e4itamiseks ja hea \u00f5nne korral ka nosimiseks viia.\u00a0<\/span><\/p>\n<p><img loading=\"lazy\" decoding=\"async\" class=\"\" src=\"https:\/\/lh3.googleusercontent.com\/pw\/AP1GczMF3tW6498u3kX5zZ5KY6G10Jq3o9uqkRXS8rMUGgeq1JrD-KwHKI-678GTjd_FlrHp0Sn5z_wVytxU8HZnjIzkHGr33tPfxqA0vaGy6GvuEEyc3t18lS9MZopiO9h_6L3A1U7T6kVJIbl011hz9Enljg=w683-h911-s-no-gm?authuser=1\" width=\"239\" height=\"318\" \/><img loading=\"lazy\" decoding=\"async\" class=\"\" src=\"https:\/\/lh3.googleusercontent.com\/pw\/AP1GczNr_EP0jSFIRY8qtMoPRPEtcxHjr_GFCwQ6kX1qf5nROAihl3g0jFh7f8TIgeHPDpdbvATGfkKDqlmujdpJNsq5cRd9h7kokwNIqizImhVSMVS4pPddRZBVQP5Mih9KOHaM24qGjgwpiBGM4ppS8VYkrg=w684-h911-s-no-gm?authuser=1\" width=\"239\" height=\"319\" \/><\/p>\n<p><span style=\"color: #808080;font-family: 'times new roman', times, serif\">\u0160okolaadi vabriku l\u00f5bud. Autor: Liisi-Marie Toome<\/span><\/p>\n<p><span style=\"font-weight: 400;font-family: 'times new roman', times, serif\">Siis algaski s\u00f5it koju. Kuna reis oli v\u00e4sitav, siis oli bussi tagaosast n\u00e4ha, kuidas nii m\u00f5nigi peanupp viltu vajus ning magusat und n\u00e4gi. Pagaid\u0101m at\u0101!!!<\/span><\/p>\n<p><span style=\"font-family: 'times new roman', times, serif\"><em>Autorid: Kertu Eepold ja Jessika J\u00f5esaar<\/em><\/span><\/p>\n","protected":false},"excerpt":{"rendered":"<p>8. &#8211; 9. detsembril veetsime klassiga meeleoluka j\u00f5ulueelse reisi Riias.\u00a0 Reis algas k\u00f5igil koos ikka kooli juurest, v\u00f5tsime k\u00f5ik oma pakitud vajaliku kraami kaasa ja asusime teele. P\u00e4rnus tegime esimese peatuse, kus tuli kaasa meile giid, kes tutvustas meile mitmek\u00fclgselt kohalikku eluolu. Nii saime terve bussis\u00f5idu aja kuulata huvitavaid fakte erinevatest kohtadest, kus me parasjagu [&hellip;]<\/p>\n","protected":false},"author":210,"featured_media":0,"comment_status":"closed","ping_status":"open","sticky":false,"template":"","format":"standard","meta":{"footnotes":""},"categories":[2],"tags":[],"class_list":["post-154","post","type-post","status-publish","format-standard","hentry","category-10-klass"],"_links":{"self":[{"href":"https:\/\/www.real.edu.ee\/ajaveeb\/141c\/wp-json\/wp\/v2\/posts\/154","targetHints":{"allow":["GET"]}}],"collection":[{"href":"https:\/\/www.real.edu.ee\/ajaveeb\/141c\/wp-json\/wp\/v2\/posts"}],"about":[{"href":"https:\/\/www.real.edu.ee\/ajaveeb\/141c\/wp-json\/wp\/v2\/types\/post"}],"author":[{"embeddable":true,"href":"https:\/\/www.real.edu.ee\/ajaveeb\/141c\/wp-json\/wp\/v2\/users\/210"}],"replies":[{"embeddable":true,"href":"https:\/\/www.real.edu.ee\/ajaveeb\/141c\/wp-json\/wp\/v2\/comments?post=154"}],"version-history":[{"count":23,"href":"https:\/\/www.real.edu.ee\/ajaveeb\/141c\/wp-json\/wp\/v2\/posts\/154\/revisions"}],"predecessor-version":[{"id":197,"href":"https:\/\/www.real.edu.ee\/ajaveeb\/141c\/wp-json\/wp\/v2\/posts\/154\/revisions\/197"}],"wp:attachment":[{"href":"https:\/\/www.real.edu.ee\/ajaveeb\/141c\/wp-json\/wp\/v2\/media?parent=154"}],"wp:term":[{"taxonomy":"category","embeddable":true,"href":"https:\/\/www.real.edu.ee\/ajaveeb\/141c\/wp-json\/wp\/v2\/categories?post=154"},{"taxonomy":"post_tag","embeddable":true,"href":"https:\/\/www.real.edu.ee\/ajaveeb\/141c\/wp-json\/wp\/v2\/tags?post=154"}],"curies":[{"name":"wp","href":"https:\/\/api.w.org\/{rel}","templated":true}]}}